{"id":8510,"date":"2026-04-27T12:56:42","date_gmt":"2026-04-27T17:56:42","guid":{"rendered":"https:\/\/www.guaranda.gob.ec\/newsiteCMT\/?p=8510"},"modified":"2026-04-29T13:19:16","modified_gmt":"2026-04-29T18:19:16","slug":"rayo-alto-inaugura-su-iglesia-remodelada","status":"publish","type":"post","link":"https:\/\/www.guaranda.gob.ec\/newsiteCMT\/rayo-alto-inaugura-su-iglesia-remodelada\/","title":{"rendered":"RAYO ALTO INAUGURA SU IGLESIA REMODELADA"},"content":{"rendered":"\n<p>El Gobierno Aut\u00f3nomo Descentralizado del cant\u00f3n Guaranda informa a la ciudadan\u00eda sobre la inauguraci\u00f3n de la remodelaci\u00f3n de la iglesia de la comunidad de Rayo Alto, un importante espacio que ha sido renovado para fortalecer la fe, la identidad y la uni\u00f3n de sus habitantes.<\/p>\n\n\n\n<p>Este significativo evento cont\u00f3 con la participaci\u00f3n activa de la comunidad, quienes se dieron cita para celebrar este logro colectivo. Durante la jornada se desarrollaron presentaciones culturales que incluyeron un coro y danzas tradicionales, resaltando el talento local y el profundo sentido de pertenencia de los moradores.<\/p>\n\n\n\n<p>Asimismo, se llev\u00f3 a cabo una pambamesa, s\u00edmbolo de integraci\u00f3n y compartir comunitario, donde los asistentes pudieron disfrutar de alimentos preparados, reafirmando los lazos de solidaridad y tradici\u00f3n.<\/p>\n\n\n\n<p>En su intervenci\u00f3n, el Doctor Inti Yumbay, alcalde de Guaranda, manifest\u00f3 su agradecimiento a la comunidad de Rayo Alto, destacando el esfuerzo conjunto de sus habitantes, quienes hicieron todo lo posible para que la iglesia est\u00e9 lista y en \u00f3ptimas condiciones para su uso.<\/p>\n\n\n\n<p>El Gobierno Aut\u00f3nomo Descentralizado del cant\u00f3n Guaranda reafirma su compromiso de seguir trabajando de la mano con las comunidades, impulsando proyectos que promuevan espacios de encuentro, cultura y tradici\u00f3n, en beneficio de todos los ciudadanos.<\/p>\n\n\n\n<p><\/p>\n","protected":false},"excerpt":{"rendered":"<p>El Gobierno Aut\u00f3nomo Descentralizado del cant\u00f3n Guaranda informa a la ciudadan\u00eda sobre la inauguraci\u00f3n de la remodelaci\u00f3n de la iglesia de la comunidad de Rayo Alto, un importante espacio que ha sido renovado para fortalecer la fe, la identidad y la uni\u00f3n de sus habitantes. Este significativo evento cont\u00f3 con la participaci\u00f3n activa de la [&hellip;]<\/p>\n","protected":false},"author":7,"featured_media":8511,"comment_status":"closed","ping_status":"open","sticky":false,"template":"","format":"standard","meta":{"give_campaign_id":0,"_jetpack_memberships_contains_paid_content":false,"footnotes":""},"categories":[2],"tags":[],"class_list":["post-8510","post","type-post","status-publish","format-standard","has-post-thumbnail","hentry","category-noticias"],"jetpack_featured_media_url":"https:\/\/i0.wp.com\/www.guaranda.gob.ec\/newsiteCMT\/wp-content\/uploads\/2026\/04\/Sin-titulo-2-3.jpg?fit=1200%2C675&ssl=1","jetpack_shortlink":"https:\/\/wp.me\/p7CGGh-2dg","jetpack_sharing_enabled":true,"_links":{"self":[{"href":"https:\/\/www.guaranda.gob.ec\/newsiteCMT\/wp-json\/wp\/v2\/posts\/8510","targetHints":{"allow":["GET"]}}],"collection":[{"href":"https:\/\/www.guaranda.gob.ec\/newsiteCMT\/wp-json\/wp\/v2\/posts"}],"about":[{"href":"https:\/\/www.guaranda.gob.ec\/newsiteCMT\/wp-json\/wp\/v2\/types\/post"}],"author":[{"embeddable":true,"href":"https:\/\/www.guaranda.gob.ec\/newsiteCMT\/wp-json\/wp\/v2\/users\/7"}],"replies":[{"embeddable":true,"href":"https:\/\/www.guaranda.gob.ec\/newsiteCMT\/wp-json\/wp\/v2\/comments?post=8510"}],"version-history":[{"count":1,"href":"https:\/\/www.guaranda.gob.ec\/newsiteCMT\/wp-json\/wp\/v2\/posts\/8510\/revisions"}],"predecessor-version":[{"id":8512,"href":"https:\/\/www.guaranda.gob.ec\/newsiteCMT\/wp-json\/wp\/v2\/posts\/8510\/revisions\/8512"}],"wp:featuredmedia":[{"embeddable":true,"href":"https:\/\/www.guaranda.gob.ec\/newsiteCMT\/wp-json\/wp\/v2\/media\/8511"}],"wp:attachment":[{"href":"https:\/\/www.guaranda.gob.ec\/newsiteCMT\/wp-json\/wp\/v2\/media?parent=8510"}],"wp:term":[{"taxonomy":"category","embeddable":true,"href":"https:\/\/www.guaranda.gob.ec\/newsiteCMT\/wp-json\/wp\/v2\/categories?post=8510"},{"taxonomy":"post_tag","embeddable":true,"href":"https:\/\/www.guaranda.gob.ec\/newsiteCMT\/wp-json\/wp\/v2\/tags?post=8510"}],"curies":[{"name":"wp","href":"https:\/\/api.w.org\/{rel}","templated":true}]}}