{"id":8464,"date":"2026-03-09T12:03:34","date_gmt":"2026-03-09T17:03:34","guid":{"rendered":"https:\/\/www.guaranda.gob.ec\/newsiteCMT\/?p=8464"},"modified":"2026-04-22T12:08:03","modified_gmt":"2026-04-22T17:08:03","slug":"aceras-y-bordillos-en-la-ciudadela-primero-de-mayo","status":"publish","type":"post","link":"https:\/\/www.guaranda.gob.ec\/newsiteCMT\/aceras-y-bordillos-en-la-ciudadela-primero-de-mayo\/","title":{"rendered":"ACERAS Y BORDILLOS EN LA CIUDADELA PRIMERO DE MAYO"},"content":{"rendered":"\n<p>El Gobierno Aut\u00f3nomo Descentralizado del cant\u00f3n Guaranda, <strong>comunica a la ciudadan\u00eda<\/strong> que; continuamos ejecutando importantes trabajos de infraestructura urbana, en esta oportunidad nos hemos trasladado a la ciudadela Primero de Mayo, como parte del plan de mejoramiento urban\u00edstico en nuestra ciudad.<\/p>\n\n\n\n<p>La <strong>construcci\u00f3n y reconstrucci\u00f3n de aceras y bordillos<\/strong>, mejora y optimiza la movilidad peatonal, brinda mayor seguridad, contribuye al ordenamiento y aprovechamiento de espacios p\u00fablicos. El plan de mejoramiento urbano, busca, adem\u00e1s, fortalecer la conectividad y adecuaci\u00f3n de entornos agradables para las familias guarande\u00f1as.<\/p>\n\n\n\n<p>El municipio de Guaranda, fomenta la seguridad ciudadana y aporta al crecimiento ordenado de la ciudad. Los trabajos son ejecutados con planificaci\u00f3n, cuyo objetivo es atender la necesidad de entornos y ambientes agradables en la poblaci\u00f3n.<\/p>\n\n\n\n<p>La administraci\u00f3n municipal contin\u00faa impulsando obras de mejoramiento urbano en barrios, ciudadelas, fortaleciendo el desarrollo urban\u00edstico y ambientes de tranquilidad y descanso.<\/p>\n\n\n\n<p><strong>Seguimos trabajando, comprometidos en construir una ciudad apacible y de bienestar.<\/strong><\/p>\n","protected":false},"excerpt":{"rendered":"<p>El Gobierno Aut\u00f3nomo Descentralizado del cant\u00f3n Guaranda, comunica a la ciudadan\u00eda que; continuamos ejecutando importantes trabajos de infraestructura urbana, en esta oportunidad nos hemos trasladado a la ciudadela Primero de Mayo, como parte del plan de mejoramiento urban\u00edstico en nuestra ciudad. La construcci\u00f3n y reconstrucci\u00f3n de aceras y bordillos, mejora y optimiza la movilidad peatonal, [&hellip;]<\/p>\n","protected":false},"author":7,"featured_media":8465,"comment_status":"closed","ping_status":"open","sticky":false,"template":"","format":"standard","meta":{"give_campaign_id":0,"_jetpack_memberships_contains_paid_content":false,"footnotes":""},"categories":[2],"tags":[],"class_list":["post-8464","post","type-post","status-publish","format-standard","has-post-thumbnail","hentry","category-noticias"],"jetpack_featured_media_url":"https:\/\/i0.wp.com\/www.guaranda.gob.ec\/newsiteCMT\/wp-content\/uploads\/2026\/04\/DSC08541.jpg?fit=1200%2C675&ssl=1","jetpack_shortlink":"https:\/\/wp.me\/p7CGGh-2cw","jetpack_sharing_enabled":true,"_links":{"self":[{"href":"https:\/\/www.guaranda.gob.ec\/newsiteCMT\/wp-json\/wp\/v2\/posts\/8464","targetHints":{"allow":["GET"]}}],"collection":[{"href":"https:\/\/www.guaranda.gob.ec\/newsiteCMT\/wp-json\/wp\/v2\/posts"}],"about":[{"href":"https:\/\/www.guaranda.gob.ec\/newsiteCMT\/wp-json\/wp\/v2\/types\/post"}],"author":[{"embeddable":true,"href":"https:\/\/www.guaranda.gob.ec\/newsiteCMT\/wp-json\/wp\/v2\/users\/7"}],"replies":[{"embeddable":true,"href":"https:\/\/www.guaranda.gob.ec\/newsiteCMT\/wp-json\/wp\/v2\/comments?post=8464"}],"version-history":[{"count":1,"href":"https:\/\/www.guaranda.gob.ec\/newsiteCMT\/wp-json\/wp\/v2\/posts\/8464\/revisions"}],"predecessor-version":[{"id":8466,"href":"https:\/\/www.guaranda.gob.ec\/newsiteCMT\/wp-json\/wp\/v2\/posts\/8464\/revisions\/8466"}],"wp:featuredmedia":[{"embeddable":true,"href":"https:\/\/www.guaranda.gob.ec\/newsiteCMT\/wp-json\/wp\/v2\/media\/8465"}],"wp:attachment":[{"href":"https:\/\/www.guaranda.gob.ec\/newsiteCMT\/wp-json\/wp\/v2\/media?parent=8464"}],"wp:term":[{"taxonomy":"category","embeddable":true,"href":"https:\/\/www.guaranda.gob.ec\/newsiteCMT\/wp-json\/wp\/v2\/categories?post=8464"},{"taxonomy":"post_tag","embeddable":true,"href":"https:\/\/www.guaranda.gob.ec\/newsiteCMT\/wp-json\/wp\/v2\/tags?post=8464"}],"curies":[{"name":"wp","href":"https:\/\/api.w.org\/{rel}","templated":true}]}}