{"id":8454,"date":"2026-02-20T11:43:12","date_gmt":"2026-02-20T16:43:12","guid":{"rendered":"https:\/\/www.guaranda.gob.ec\/newsiteCMT\/?p=8454"},"modified":"2026-04-22T11:47:53","modified_gmt":"2026-04-22T16:47:53","slug":"nuevo-doble-riego-asfaltico-fortalece-la-conectividad-y-el-desarrollo-de-larcaloma-2","status":"publish","type":"post","link":"https:\/\/www.guaranda.gob.ec\/newsiteCMT\/nuevo-doble-riego-asfaltico-fortalece-la-conectividad-y-el-desarrollo-de-larcaloma-2\/","title":{"rendered":"NUEVO DOBLE RIEGO ASF\u00c1LTICO FORTALECE LA CONECTIVIDAD Y EL DESARROLLO DE LARCALOMA"},"content":{"rendered":"\n<p>El Gobierno Aut\u00f3nomo Descentralizado del cant\u00f3n Guaranda llev\u00f3 a cabo la inauguraci\u00f3n oficial de la obra de doble riego asf\u00e1ltico en la comunidad de Larcaloma, un proyecto de gran impacto social que constituye un hito en el fortalecimiento de la infraestructura vial del cant\u00f3n y en el mejoramiento de la calidad de vida de sus habitantes.<\/p>\n\n\n\n<p>El acto inaugural cont\u00f3 con la presencia de autoridades cantonales, l\u00edderes comunitarios y moradores del sector, quienes expresaron su satisfacci\u00f3n y gratitud por la ejecuci\u00f3n de una obra largamente esperada. Este importante proyecto vial marca un antes y un despu\u00e9s para Larcaloma, al mejorar de manera significativa la conectividad, la seguridad vial y el acceso oportuno a servicios b\u00e1sicos, educativos, productivos y de salud.<\/p>\n\n\n\n<p>La implementaci\u00f3n del Doble Riego Asf\u00e1ltico no solo garantiza calles m\u00e1s seguras, transitables y duraderas, sino que tambi\u00e9n impulsa el desarrollo econ\u00f3mico local, facilita el transporte de productos agr\u00edcolas y fortalece la integraci\u00f3n entre comunidades. Esta obra responde a una planificaci\u00f3n responsable y a una visi\u00f3n de desarrollo integral, enfocada en reducir brechas y generar igualdad de oportunidades para la poblaci\u00f3n urbana y rural.<\/p>\n\n\n\n<figure class=\"wp-block-gallery has-nested-images columns-default is-cropped wp-block-gallery-1 is-layout-flex wp-block-gallery-is-layout-flex\">\n<figure class=\"wp-block-image size-large\"><img data-recalc-dims=\"1\" fetchpriority=\"high\" decoding=\"async\" width=\"770\" height=\"514\" data-id=\"8456\" src=\"https:\/\/i0.wp.com\/www.guaranda.gob.ec\/newsiteCMT\/wp-content\/uploads\/2026\/04\/11032020-DSC09541.jpg?resize=770%2C514&#038;ssl=1\" alt=\"\" class=\"wp-image-8456\" srcset=\"https:\/\/i0.wp.com\/www.guaranda.gob.ec\/newsiteCMT\/wp-content\/uploads\/2026\/04\/11032020-DSC09541.jpg?resize=1024%2C683&amp;ssl=1 1024w, https:\/\/i0.wp.com\/www.guaranda.gob.ec\/newsiteCMT\/wp-content\/uploads\/2026\/04\/11032020-DSC09541.jpg?resize=300%2C200&amp;ssl=1 300w, https:\/\/i0.wp.com\/www.guaranda.gob.ec\/newsiteCMT\/wp-content\/uploads\/2026\/04\/11032020-DSC09541.jpg?w=1200&amp;ssl=1 1200w\" sizes=\"(max-width: 770px) 100vw, 770px\" \/><\/figure>\n\n\n\n<figure class=\"wp-block-image size-large\"><img data-recalc-dims=\"1\" decoding=\"async\" width=\"770\" height=\"514\" data-id=\"8458\" src=\"https:\/\/i0.wp.com\/www.guaranda.gob.ec\/newsiteCMT\/wp-content\/uploads\/2026\/04\/11032020-DSC09571.jpg?resize=770%2C514&#038;ssl=1\" alt=\"\" class=\"wp-image-8458\" srcset=\"https:\/\/i0.wp.com\/www.guaranda.gob.ec\/newsiteCMT\/wp-content\/uploads\/2026\/04\/11032020-DSC09571.jpg?resize=1024%2C683&amp;ssl=1 1024w, https:\/\/i0.wp.com\/www.guaranda.gob.ec\/newsiteCMT\/wp-content\/uploads\/2026\/04\/11032020-DSC09571.jpg?resize=300%2C200&amp;ssl=1 300w, https:\/\/i0.wp.com\/www.guaranda.gob.ec\/newsiteCMT\/wp-content\/uploads\/2026\/04\/11032020-DSC09571.jpg?w=1200&amp;ssl=1 1200w\" sizes=\"(max-width: 770px) 100vw, 770px\" \/><\/figure>\n\n\n\n<figure class=\"wp-block-image size-large\"><img data-recalc-dims=\"1\" decoding=\"async\" width=\"770\" height=\"514\" data-id=\"8457\" src=\"https:\/\/i0.wp.com\/www.guaranda.gob.ec\/newsiteCMT\/wp-content\/uploads\/2026\/04\/sin-titulo-13-de-40.jpg?resize=770%2C514&#038;ssl=1\" alt=\"\" class=\"wp-image-8457\" srcset=\"https:\/\/i0.wp.com\/www.guaranda.gob.ec\/newsiteCMT\/wp-content\/uploads\/2026\/04\/sin-titulo-13-de-40.jpg?resize=1024%2C683&amp;ssl=1 1024w, https:\/\/i0.wp.com\/www.guaranda.gob.ec\/newsiteCMT\/wp-content\/uploads\/2026\/04\/sin-titulo-13-de-40.jpg?resize=300%2C200&amp;ssl=1 300w, https:\/\/i0.wp.com\/www.guaranda.gob.ec\/newsiteCMT\/wp-content\/uploads\/2026\/04\/sin-titulo-13-de-40.jpg?w=1200&amp;ssl=1 1200w\" sizes=\"(max-width: 770px) 100vw, 770px\" \/><\/figure>\n<\/figure>\n\n\n\n<p>El Gobierno Aut\u00f3nomo Descentralizado del cant\u00f3n Guaranda reafirma, a trav\u00e9s de esta intervenci\u00f3n, su firme compromiso con el progreso, el desarrollo urbano y rural, y la inversi\u00f3n eficiente de los recursos p\u00fablicos, priorizando proyectos que generan bienestar colectivo y promueven un futuro digno para todos los ciudadanos.<\/p>\n\n\n\n<p>La actual administraci\u00f3n contin\u00faa trabajando de manera articulada con la comunidad, convencida de que el desarrollo se construye con participaci\u00f3n, transparencia y obras que transforman realidades. Larcaloma es hoy un ejemplo del resultado de una gesti\u00f3n que escucha, planifica y cumple.<\/p>\n\n\n\n<p>Seguimos avanzando juntos, construyendo caminos de desarrollo, esperanza y bienestar para el presente y el futuro del cant\u00f3n Guaranda.<\/p>\n\n\n\n<p><\/p>\n","protected":false},"excerpt":{"rendered":"<p>El Gobierno Aut\u00f3nomo Descentralizado del cant\u00f3n Guaranda llev\u00f3 a cabo la inauguraci\u00f3n oficial de la obra de doble riego asf\u00e1ltico en la comunidad de Larcaloma, un proyecto de gran impacto social que constituye un hito en el fortalecimiento de la infraestructura vial del cant\u00f3n y en el mejoramiento de la calidad de vida de sus [&hellip;]<\/p>\n","protected":false},"author":7,"featured_media":8455,"comment_status":"closed","ping_status":"open","sticky":false,"template":"","format":"standard","meta":{"give_campaign_id":0,"_jetpack_memberships_contains_paid_content":false,"footnotes":""},"categories":[2],"tags":[],"class_list":["post-8454","post","type-post","status-publish","format-standard","has-post-thumbnail","hentry","category-noticias"],"jetpack_featured_media_url":"https:\/\/i0.wp.com\/www.guaranda.gob.ec\/newsiteCMT\/wp-content\/uploads\/2026\/04\/sin-titulo-31-de-40.jpg?fit=1200%2C800&ssl=1","jetpack_shortlink":"https:\/\/wp.me\/p7CGGh-2cm","jetpack_sharing_enabled":true,"_links":{"self":[{"href":"https:\/\/www.guaranda.gob.ec\/newsiteCMT\/wp-json\/wp\/v2\/posts\/8454","targetHints":{"allow":["GET"]}}],"collection":[{"href":"https:\/\/www.guaranda.gob.ec\/newsiteCMT\/wp-json\/wp\/v2\/posts"}],"about":[{"href":"https:\/\/www.guaranda.gob.ec\/newsiteCMT\/wp-json\/wp\/v2\/types\/post"}],"author":[{"embeddable":true,"href":"https:\/\/www.guaranda.gob.ec\/newsiteCMT\/wp-json\/wp\/v2\/users\/7"}],"replies":[{"embeddable":true,"href":"https:\/\/www.guaranda.gob.ec\/newsiteCMT\/wp-json\/wp\/v2\/comments?post=8454"}],"version-history":[{"count":1,"href":"https:\/\/www.guaranda.gob.ec\/newsiteCMT\/wp-json\/wp\/v2\/posts\/8454\/revisions"}],"predecessor-version":[{"id":8459,"href":"https:\/\/www.guaranda.gob.ec\/newsiteCMT\/wp-json\/wp\/v2\/posts\/8454\/revisions\/8459"}],"wp:featuredmedia":[{"embeddable":true,"href":"https:\/\/www.guaranda.gob.ec\/newsiteCMT\/wp-json\/wp\/v2\/media\/8455"}],"wp:attachment":[{"href":"https:\/\/www.guaranda.gob.ec\/newsiteCMT\/wp-json\/wp\/v2\/media?parent=8454"}],"wp:term":[{"taxonomy":"category","embeddable":true,"href":"https:\/\/www.guaranda.gob.ec\/newsiteCMT\/wp-json\/wp\/v2\/categories?post=8454"},{"taxonomy":"post_tag","embeddable":true,"href":"https:\/\/www.guaranda.gob.ec\/newsiteCMT\/wp-json\/wp\/v2\/tags?post=8454"}],"curies":[{"name":"wp","href":"https:\/\/api.w.org\/{rel}","templated":true}]}}