{"id":8440,"date":"2026-02-13T10:20:39","date_gmt":"2026-02-13T15:20:39","guid":{"rendered":"https:\/\/www.guaranda.gob.ec\/newsiteCMT\/?p=8440"},"modified":"2026-03-17T10:22:37","modified_gmt":"2026-03-17T15:22:37","slug":"apertura-del-renovado-patio-de-comidas-los-agachaditos","status":"publish","type":"post","link":"https:\/\/www.guaranda.gob.ec\/newsiteCMT\/apertura-del-renovado-patio-de-comidas-los-agachaditos\/","title":{"rendered":"APERTURA DEL RENOVADO PATIO DE COMIDAS \u201cLOS AGACHADITOS\u201d"},"content":{"rendered":"\n<p>El Gobierno Aut\u00f3nomo Descentralizado del Cant\u00f3n Guaranda informa a la ciudadan\u00eda que esta importante obra ha sido recuperada en su totalidad, brindando mejores condiciones de trabajo para nuestros emprendedores y un espacio moderno, ordenado y seguro para toda la poblaci\u00f3n guarande\u00f1a.<\/p>\n\n\n\n<p>La ciudad de Guaranda marca un hito en su desarrollo con la apertura oficial del renovado Patio de Comidas \u201cLos Agachaditos\u201d, un espacio emblem\u00e1tico que hoy se transforma en s\u00edmbolo de progreso, dignidad y fortalecimiento de la econom\u00eda local.<\/p>\n\n\n\n<p>Este proyecto representa un cambio que realmente vale la pena para Guaranda. Los tradicionales Agachaditos, que forman parte de nuestra identidad y cultura gastron\u00f3mica, cuentan ahora con infraestructura adecuada, mejoras sanitarias, mayor comodidad y un entorno digno que promueve el crecimiento del comercio local.<\/p>\n\n\n\n<p>Gracias a la gesti\u00f3n del alcalde Inti Yumbay, esta intervenci\u00f3n se concreta como parte del compromiso permanente con el desarrollo del cant\u00f3n. Durante su intervenci\u00f3n, el alcalde manifest\u00f3 que su administraci\u00f3n trabaja para todos los ciudadanos, sin distinci\u00f3n alguna, y reiter\u00f3 que siempre estar\u00e1 del lado de los emprendedores, apoyando iniciativas que impulsen la econom\u00eda y generen oportunidades.<\/p>\n\n\n\n<p>Asimismo, enfatiz\u00f3 que invertir en espacios adecuados es invertir en la gente, en su bienestar y en el fortalecimiento del tejido productivo local. Esta obra no solo mejora la imagen urbana, sino que tambi\u00e9n dinamiza la actividad comercial y reafirma el compromiso municipal con obras que s\u00ed se notan.<\/p>\n\n\n\n<p>La reapertura del Patio de Comidas \u201cLos Agachaditos\u201d consolida un antes y un despu\u00e9s en la historia comercial de Guaranda, demostrando que con trabajo responsable y planificaci\u00f3n se pueden alcanzar resultados que beneficien a toda la ciudadan\u00eda.<\/p>\n\n\n\n<p>Guaranda avanza con pasos firmes hacia un futuro de progreso y desarrollo.<\/p>\n\n\n\n<p>Porque la fiesta mayor se vive con obras, con unidad y tambi\u00e9n con fiesta.<\/p>\n","protected":false},"excerpt":{"rendered":"<p>El Gobierno Aut\u00f3nomo Descentralizado del Cant\u00f3n Guaranda informa a la ciudadan\u00eda que esta importante obra ha sido recuperada en su totalidad, brindando mejores condiciones de trabajo para nuestros emprendedores y un espacio moderno, ordenado y seguro para toda la poblaci\u00f3n guarande\u00f1a. La ciudad de Guaranda marca un hito en su desarrollo con la apertura oficial [&hellip;]<\/p>\n","protected":false},"author":7,"featured_media":8441,"comment_status":"closed","ping_status":"open","sticky":false,"template":"","format":"standard","meta":{"give_campaign_id":0,"_jetpack_memberships_contains_paid_content":false,"footnotes":""},"categories":[2],"tags":[],"class_list":["post-8440","post","type-post","status-publish","format-standard","has-post-thumbnail","hentry","category-noticias"],"jetpack_featured_media_url":"https:\/\/i0.wp.com\/www.guaranda.gob.ec\/newsiteCMT\/wp-content\/uploads\/2026\/03\/11.jpg?fit=1200%2C675&ssl=1","jetpack_shortlink":"https:\/\/wp.me\/p7CGGh-2c8","jetpack_sharing_enabled":true,"_links":{"self":[{"href":"https:\/\/www.guaranda.gob.ec\/newsiteCMT\/wp-json\/wp\/v2\/posts\/8440","targetHints":{"allow":["GET"]}}],"collection":[{"href":"https:\/\/www.guaranda.gob.ec\/newsiteCMT\/wp-json\/wp\/v2\/posts"}],"about":[{"href":"https:\/\/www.guaranda.gob.ec\/newsiteCMT\/wp-json\/wp\/v2\/types\/post"}],"author":[{"embeddable":true,"href":"https:\/\/www.guaranda.gob.ec\/newsiteCMT\/wp-json\/wp\/v2\/users\/7"}],"replies":[{"embeddable":true,"href":"https:\/\/www.guaranda.gob.ec\/newsiteCMT\/wp-json\/wp\/v2\/comments?post=8440"}],"version-history":[{"count":1,"href":"https:\/\/www.guaranda.gob.ec\/newsiteCMT\/wp-json\/wp\/v2\/posts\/8440\/revisions"}],"predecessor-version":[{"id":8442,"href":"https:\/\/www.guaranda.gob.ec\/newsiteCMT\/wp-json\/wp\/v2\/posts\/8440\/revisions\/8442"}],"wp:featuredmedia":[{"embeddable":true,"href":"https:\/\/www.guaranda.gob.ec\/newsiteCMT\/wp-json\/wp\/v2\/media\/8441"}],"wp:attachment":[{"href":"https:\/\/www.guaranda.gob.ec\/newsiteCMT\/wp-json\/wp\/v2\/media?parent=8440"}],"wp:term":[{"taxonomy":"category","embeddable":true,"href":"https:\/\/www.guaranda.gob.ec\/newsiteCMT\/wp-json\/wp\/v2\/categories?post=8440"},{"taxonomy":"post_tag","embeddable":true,"href":"https:\/\/www.guaranda.gob.ec\/newsiteCMT\/wp-json\/wp\/v2\/tags?post=8440"}],"curies":[{"name":"wp","href":"https:\/\/api.w.org\/{rel}","templated":true}]}}