{"id":8437,"date":"2026-02-02T14:08:00","date_gmt":"2026-02-02T19:08:00","guid":{"rendered":"https:\/\/www.guaranda.gob.ec\/newsiteCMT\/?p=8437"},"modified":"2026-03-17T10:17:48","modified_gmt":"2026-03-17T15:17:48","slug":"gradas-inaugura-doble-tratamiento-bituminoso","status":"publish","type":"post","link":"https:\/\/www.guaranda.gob.ec\/newsiteCMT\/gradas-inaugura-doble-tratamiento-bituminoso\/","title":{"rendered":"GRADAS INAUGURA DOBLE TRATAMIENTO BITUMINOSO"},"content":{"rendered":"\n<p>El Gobierno Aut\u00f3nomo Descentralizado del cant\u00f3n Guaranda informa a la ciudadan\u00eda que se entreg\u00f3 a la comunidad de Gradas, un nuevo tramo de v\u00eda con doble tratamiento bituminoso para la c\u00f3moda circulaci\u00f3n del tr\u00e1nsito vehicular. Este resultado es fruto del trabajo planificado, la gesti\u00f3n institucional responsable y el compromiso permanente del alcalde, con el bienestar de su poblaci\u00f3n.<\/p>\n\n\n\n<p>Luego de largos a\u00f1os de espera por parte de la comunidad, la voluntad de servicio de la municipalidad, llega al pueblo. La ejecuci\u00f3n con doble riego asf\u00e1ltico de 1.2 kil\u00f3metros representa una obra de alto impacto para la circulaci\u00f3n vehicular, adem\u00e1s de mejoramiento econ\u00f3mico, integraci\u00f3n territorial y mejores niveles en la calidad de vida de los habitantes.<\/p>\n\n\n\n<p>Esta obra de vialidad, facilita la conectividad de la comunidad, garantiza la seguridad del tr\u00e1nsito, reduce los tiempos de desplazamiento y permite el acceso a servicios b\u00e1sicos, actividades productivas y oportunidades de desarrollo econ\u00f3mico y social. Asimismo, contribuye a dinamizar la producci\u00f3n y econom\u00eda local.&nbsp;<\/p>\n\n\n\n<p>El Gobierno Aut\u00f3nomo Descentralizado del cant\u00f3n Guaranda, cumple con atender las necesidades m\u00e1s sentidas de la poblaci\u00f3n y con la visi\u00f3n de desarrollo equitativo e inclusivo, reafirmando su compromiso de continuar ejecutando obras que respondan a las m\u00e1s urgentes necesidades.&nbsp;<\/p>\n\n\n\n<p>La presente administraci\u00f3n municipal trabaja con responsabilidad, transparencia, en territorio, convencido que el verdadero desarrollo se construye con acciones concretas y resultados visibles.<\/p>\n\n\n\n<p>Seguimos, unidos en la diversidad, con nuestra gente; construimos esperanza y bienestar.<\/p>\n\n\n\n<p><\/p>\n","protected":false},"excerpt":{"rendered":"<p>El Gobierno Aut\u00f3nomo Descentralizado del cant\u00f3n Guaranda informa a la ciudadan\u00eda que se entreg\u00f3 a la comunidad de Gradas, un nuevo tramo de v\u00eda con doble tratamiento bituminoso para la c\u00f3moda circulaci\u00f3n del tr\u00e1nsito vehicular. Este resultado es fruto del trabajo planificado, la gesti\u00f3n institucional responsable y el compromiso permanente del alcalde, con el bienestar [&hellip;]<\/p>\n","protected":false},"author":7,"featured_media":8438,"comment_status":"closed","ping_status":"open","sticky":false,"template":"","format":"standard","meta":{"give_campaign_id":0,"_jetpack_memberships_contains_paid_content":false,"footnotes":""},"categories":[2],"tags":[],"class_list":["post-8437","post","type-post","status-publish","format-standard","has-post-thumbnail","hentry","category-noticias"],"jetpack_featured_media_url":"https:\/\/i0.wp.com\/www.guaranda.gob.ec\/newsiteCMT\/wp-content\/uploads\/2026\/03\/sin-titulo-4-de-53-1.jpg?fit=1200%2C800&ssl=1","jetpack_shortlink":"https:\/\/wp.me\/p7CGGh-2c5","jetpack_sharing_enabled":true,"_links":{"self":[{"href":"https:\/\/www.guaranda.gob.ec\/newsiteCMT\/wp-json\/wp\/v2\/posts\/8437","targetHints":{"allow":["GET"]}}],"collection":[{"href":"https:\/\/www.guaranda.gob.ec\/newsiteCMT\/wp-json\/wp\/v2\/posts"}],"about":[{"href":"https:\/\/www.guaranda.gob.ec\/newsiteCMT\/wp-json\/wp\/v2\/types\/post"}],"author":[{"embeddable":true,"href":"https:\/\/www.guaranda.gob.ec\/newsiteCMT\/wp-json\/wp\/v2\/users\/7"}],"replies":[{"embeddable":true,"href":"https:\/\/www.guaranda.gob.ec\/newsiteCMT\/wp-json\/wp\/v2\/comments?post=8437"}],"version-history":[{"count":1,"href":"https:\/\/www.guaranda.gob.ec\/newsiteCMT\/wp-json\/wp\/v2\/posts\/8437\/revisions"}],"predecessor-version":[{"id":8439,"href":"https:\/\/www.guaranda.gob.ec\/newsiteCMT\/wp-json\/wp\/v2\/posts\/8437\/revisions\/8439"}],"wp:featuredmedia":[{"embeddable":true,"href":"https:\/\/www.guaranda.gob.ec\/newsiteCMT\/wp-json\/wp\/v2\/media\/8438"}],"wp:attachment":[{"href":"https:\/\/www.guaranda.gob.ec\/newsiteCMT\/wp-json\/wp\/v2\/media?parent=8437"}],"wp:term":[{"taxonomy":"category","embeddable":true,"href":"https:\/\/www.guaranda.gob.ec\/newsiteCMT\/wp-json\/wp\/v2\/categories?post=8437"},{"taxonomy":"post_tag","embeddable":true,"href":"https:\/\/www.guaranda.gob.ec\/newsiteCMT\/wp-json\/wp\/v2\/tags?post=8437"}],"curies":[{"name":"wp","href":"https:\/\/api.w.org\/{rel}","templated":true}]}}