{"id":8415,"date":"2026-01-31T08:41:52","date_gmt":"2026-01-31T13:41:52","guid":{"rendered":"https:\/\/www.guaranda.gob.ec\/newsiteCMT\/?p=8415"},"modified":"2026-04-22T11:59:30","modified_gmt":"2026-04-22T16:59:30","slug":"queseras-ya-cuenta-con-doble-tratamiento-bituminoso","status":"publish","type":"post","link":"https:\/\/www.guaranda.gob.ec\/newsiteCMT\/queseras-ya-cuenta-con-doble-tratamiento-bituminoso\/","title":{"rendered":"QUESERAS YA CUENTA CON DOBLE TRATAMIENTO BITUMINOSO"},"content":{"rendered":"\n<p>El Gobierno Aut\u00f3nomo Descentralizado Municipal del Cant\u00f3n Guaranda informa a la ciudadan\u00eda que la comunidad de Queseras celebr\u00f3 un sue\u00f1o hecho realidad con la inauguraci\u00f3n del Doble Riego Asf\u00e1ltico de 1.5 km, obra que constituye un importante avance en infraestructura vial para el cant\u00f3n y un reflejo del compromiso de la administraci\u00f3n con el desarrollo integral de sus habitantes.<\/p>\n\n\n\n<p>La ceremonia de entrega cont\u00f3 con la presencia de autoridades locales, l\u00edderes comunitarios y vecinos, quienes participaron activamente en un evento lleno de alegr\u00eda, m\u00fasica, danzas y coros que resaltaron la identidad cultural de la parroquia. La obra permitir\u00e1 mejorar la movilidad, garantizar la conectividad entre familias y comunidades, y abrir nuevas oportunidades econ\u00f3micas y sociales para todos los habitantes.<\/p>\n\n\n\n<p>Durante el acto, el Dr. Inti Yumbay manifest\u00f3 que \u201cya no es \u00e9poca de estar peleando, sino de estar unidos por una sola Guaranda\u201d, enfatizando la importancia de la uni\u00f3n y la colaboraci\u00f3n entre autoridades y ciudadan\u00eda para alcanzar metas comunes y consolidar el progreso del cant\u00f3n. Asimismo, destac\u00f3 que la obra es fruto del trabajo colectivo, la planificaci\u00f3n estrat\u00e9gica y el esfuerzo constante por transformar la realidad de cada comunidad.<\/p>\n\n\n\n<figure class=\"wp-block-gallery has-nested-images columns-default is-cropped wp-block-gallery-1 is-layout-flex wp-block-gallery-is-layout-flex\">\n<figure class=\"wp-block-image size-large\"><img data-recalc-dims=\"1\" fetchpriority=\"high\" decoding=\"async\" width=\"770\" height=\"514\" data-id=\"8462\" src=\"https:\/\/i0.wp.com\/www.guaranda.gob.ec\/newsiteCMT\/wp-content\/uploads\/2026\/01\/sin-titulo-5.jpg?resize=770%2C514&#038;ssl=1\" alt=\"\" class=\"wp-image-8462\" srcset=\"https:\/\/i0.wp.com\/www.guaranda.gob.ec\/newsiteCMT\/wp-content\/uploads\/2026\/01\/sin-titulo-5.jpg?resize=1024%2C683&amp;ssl=1 1024w, https:\/\/i0.wp.com\/www.guaranda.gob.ec\/newsiteCMT\/wp-content\/uploads\/2026\/01\/sin-titulo-5.jpg?resize=300%2C200&amp;ssl=1 300w, https:\/\/i0.wp.com\/www.guaranda.gob.ec\/newsiteCMT\/wp-content\/uploads\/2026\/01\/sin-titulo-5.jpg?w=1200&amp;ssl=1 1200w\" sizes=\"(max-width: 770px) 100vw, 770px\" \/><\/figure>\n\n\n\n<figure class=\"wp-block-image size-large\"><img data-recalc-dims=\"1\" decoding=\"async\" width=\"770\" height=\"514\" data-id=\"8460\" src=\"https:\/\/i0.wp.com\/www.guaranda.gob.ec\/newsiteCMT\/wp-content\/uploads\/2026\/01\/sin-titulo-31.jpg?resize=770%2C514&#038;ssl=1\" alt=\"\" class=\"wp-image-8460\" srcset=\"https:\/\/i0.wp.com\/www.guaranda.gob.ec\/newsiteCMT\/wp-content\/uploads\/2026\/01\/sin-titulo-31.jpg?resize=1024%2C683&amp;ssl=1 1024w, https:\/\/i0.wp.com\/www.guaranda.gob.ec\/newsiteCMT\/wp-content\/uploads\/2026\/01\/sin-titulo-31.jpg?resize=300%2C200&amp;ssl=1 300w, https:\/\/i0.wp.com\/www.guaranda.gob.ec\/newsiteCMT\/wp-content\/uploads\/2026\/01\/sin-titulo-31.jpg?w=1200&amp;ssl=1 1200w\" sizes=\"(max-width: 770px) 100vw, 770px\" \/><\/figure>\n\n\n\n<figure class=\"wp-block-image size-large\"><img data-recalc-dims=\"1\" decoding=\"async\" width=\"770\" height=\"514\" data-id=\"8461\" src=\"https:\/\/i0.wp.com\/www.guaranda.gob.ec\/newsiteCMT\/wp-content\/uploads\/2026\/01\/sin-titulo-35.jpg?resize=770%2C514&#038;ssl=1\" alt=\"\" class=\"wp-image-8461\" srcset=\"https:\/\/i0.wp.com\/www.guaranda.gob.ec\/newsiteCMT\/wp-content\/uploads\/2026\/01\/sin-titulo-35.jpg?resize=1024%2C683&amp;ssl=1 1024w, https:\/\/i0.wp.com\/www.guaranda.gob.ec\/newsiteCMT\/wp-content\/uploads\/2026\/01\/sin-titulo-35.jpg?resize=300%2C200&amp;ssl=1 300w, https:\/\/i0.wp.com\/www.guaranda.gob.ec\/newsiteCMT\/wp-content\/uploads\/2026\/01\/sin-titulo-35.jpg?w=1200&amp;ssl=1 1200w\" sizes=\"(max-width: 770px) 100vw, 770px\" \/><\/figure>\n<\/figure>\n\n\n\n<p>El Doble Riego Asf\u00e1ltico de 1.5 km representa no solo la mejora de una v\u00eda de comunicaci\u00f3n, sino tambi\u00e9n la dignificaci\u00f3n de espacios, el fortalecimiento del comercio local y la generaci\u00f3n de nuevas oportunidades para los j\u00f3venes, emprendedores y familias de Queseras. Este proyecto reafirma la visi\u00f3n de la administraci\u00f3n municipal de invertir en infraestructura que impacte directamente en la calidad de vida de sus ciudadanos.<\/p>\n\n\n\n<p>La entrega de esta obra se realiz\u00f3 el 31 de enero, marcando un hito hist\u00f3rico para la parroquia y consolidando la confianza de la ciudadan\u00eda en los proyectos liderados por el Gobierno Aut\u00f3nomo Descentralizado Municipal del Cant\u00f3n Guaranda.<\/p>\n\n\n\n<p>El GAD Municipal reafirma su compromiso de seguir trabajando con transparencia, eficiencia y cercan\u00eda con la gente, porque cuando el trabajo nace desde el coraz\u00f3n, el desarrollo se siente y se queda. Estamos transformando Guaranda.<\/p>\n","protected":false},"excerpt":{"rendered":"<p>El Gobierno Aut\u00f3nomo Descentralizado Municipal del Cant\u00f3n Guaranda informa a la ciudadan\u00eda que la comunidad de Queseras celebr\u00f3 un sue\u00f1o hecho realidad con la inauguraci\u00f3n del Doble Riego Asf\u00e1ltico de 1.5 km, obra que constituye un importante avance en infraestructura vial para el cant\u00f3n y un reflejo del compromiso de la administraci\u00f3n con el desarrollo [&hellip;]<\/p>\n","protected":false},"author":7,"featured_media":8416,"comment_status":"closed","ping_status":"open","sticky":false,"template":"","format":"standard","meta":{"give_campaign_id":0,"_jetpack_memberships_contains_paid_content":false,"footnotes":""},"categories":[2],"tags":[],"class_list":["post-8415","post","type-post","status-publish","format-standard","has-post-thumbnail","hentry","category-noticias"],"jetpack_featured_media_url":"https:\/\/i0.wp.com\/www.guaranda.gob.ec\/newsiteCMT\/wp-content\/uploads\/2026\/03\/sin-titulo-4-de-53.jpg?fit=1200%2C800&ssl=1","jetpack_shortlink":"https:\/\/wp.me\/p7CGGh-2bJ","jetpack_sharing_enabled":true,"_links":{"self":[{"href":"https:\/\/www.guaranda.gob.ec\/newsiteCMT\/wp-json\/wp\/v2\/posts\/8415","targetHints":{"allow":["GET"]}}],"collection":[{"href":"https:\/\/www.guaranda.gob.ec\/newsiteCMT\/wp-json\/wp\/v2\/posts"}],"about":[{"href":"https:\/\/www.guaranda.gob.ec\/newsiteCMT\/wp-json\/wp\/v2\/types\/post"}],"author":[{"embeddable":true,"href":"https:\/\/www.guaranda.gob.ec\/newsiteCMT\/wp-json\/wp\/v2\/users\/7"}],"replies":[{"embeddable":true,"href":"https:\/\/www.guaranda.gob.ec\/newsiteCMT\/wp-json\/wp\/v2\/comments?post=8415"}],"version-history":[{"count":2,"href":"https:\/\/www.guaranda.gob.ec\/newsiteCMT\/wp-json\/wp\/v2\/posts\/8415\/revisions"}],"predecessor-version":[{"id":8463,"href":"https:\/\/www.guaranda.gob.ec\/newsiteCMT\/wp-json\/wp\/v2\/posts\/8415\/revisions\/8463"}],"wp:featuredmedia":[{"embeddable":true,"href":"https:\/\/www.guaranda.gob.ec\/newsiteCMT\/wp-json\/wp\/v2\/media\/8416"}],"wp:attachment":[{"href":"https:\/\/www.guaranda.gob.ec\/newsiteCMT\/wp-json\/wp\/v2\/media?parent=8415"}],"wp:term":[{"taxonomy":"category","embeddable":true,"href":"https:\/\/www.guaranda.gob.ec\/newsiteCMT\/wp-json\/wp\/v2\/categories?post=8415"},{"taxonomy":"post_tag","embeddable":true,"href":"https:\/\/www.guaranda.gob.ec\/newsiteCMT\/wp-json\/wp\/v2\/tags?post=8415"}],"curies":[{"name":"wp","href":"https:\/\/api.w.org\/{rel}","templated":true}]}}