{"id":8404,"date":"2026-01-08T15:09:00","date_gmt":"2026-01-08T20:09:00","guid":{"rendered":"https:\/\/www.guaranda.gob.ec\/newsiteCMT\/?p=8404"},"modified":"2026-03-16T11:11:46","modified_gmt":"2026-03-16T16:11:46","slug":"cachisagua-avanza-con-obras-que-nacen-del-dialogo-y-la-unidad-comunitaria","status":"publish","type":"post","link":"https:\/\/www.guaranda.gob.ec\/newsiteCMT\/cachisagua-avanza-con-obras-que-nacen-del-dialogo-y-la-unidad-comunitaria\/","title":{"rendered":"CACHISAGUA AVANZA CON OBRAS QUE NACEN DEL DI\u00c1LOGO Y LA UNIDAD COMUNITARIA"},"content":{"rendered":"\n<p>El Gobierno Aut\u00f3nomo Descentralizado Municipal del cant\u00f3n Guaranda reafirma su compromiso con el desarrollo territorial y el trabajo participativo, promoviendo proyectos que fortalecen la infraestructura y los espacios comunitarios, siempre con la ciudadan\u00eda como eje central.<\/p>\n\n\n\n<p>En este marco, se realiz\u00f3 la socializaci\u00f3n del proyecto de asfaltado y construcci\u00f3n de una cubierta en la comunidad de Cachisagua, un espacio de di\u00e1logo y participaci\u00f3n donde cada voz fue escuchada y cada aporte valorado. La jornada permiti\u00f3 informar sobre los alcances, beneficios y etapas de ejecuci\u00f3n de las obras, fomentando la corresponsabilidad y la confianza entre autoridades y vecinos.<\/p>\n\n\n\n<p>Estas obras no solo mejorar\u00e1n la movilidad y la seguridad, sino que tambi\u00e9n fortalecer\u00e1n la integraci\u00f3n de la comunidad y reflejan el anhelo compartido de un futuro digno y organizado para todas las familias de Cachisagua.<\/p>\n\n\n\n<p>Con planificaci\u00f3n, transparencia y participaci\u00f3n ciudadana, los resultados hablan por s\u00ed solos y constituyen el reflejo m\u00e1s claro del progreso que se construye en unidad.<\/p>\n\n\n\n<p><\/p>\n","protected":false},"excerpt":{"rendered":"<p>El Gobierno Aut\u00f3nomo Descentralizado Municipal del cant\u00f3n Guaranda reafirma su compromiso con el desarrollo territorial y el trabajo participativo, promoviendo proyectos que fortalecen la infraestructura y los espacios comunitarios, siempre con la ciudadan\u00eda como eje central. En este marco, se realiz\u00f3 la socializaci\u00f3n del proyecto de asfaltado y construcci\u00f3n de una cubierta en la comunidad [&hellip;]<\/p>\n","protected":false},"author":7,"featured_media":8405,"comment_status":"closed","ping_status":"open","sticky":false,"template":"","format":"standard","meta":{"give_campaign_id":0,"_jetpack_memberships_contains_paid_content":false,"footnotes":""},"categories":[2],"tags":[],"class_list":["post-8404","post","type-post","status-publish","format-standard","has-post-thumbnail","hentry","category-noticias"],"jetpack_featured_media_url":"https:\/\/i0.wp.com\/www.guaranda.gob.ec\/newsiteCMT\/wp-content\/uploads\/2026\/03\/DSC07614.jpg?fit=1200%2C800&ssl=1","jetpack_shortlink":"https:\/\/wp.me\/p7CGGh-2by","jetpack_sharing_enabled":true,"_links":{"self":[{"href":"https:\/\/www.guaranda.gob.ec\/newsiteCMT\/wp-json\/wp\/v2\/posts\/8404","targetHints":{"allow":["GET"]}}],"collection":[{"href":"https:\/\/www.guaranda.gob.ec\/newsiteCMT\/wp-json\/wp\/v2\/posts"}],"about":[{"href":"https:\/\/www.guaranda.gob.ec\/newsiteCMT\/wp-json\/wp\/v2\/types\/post"}],"author":[{"embeddable":true,"href":"https:\/\/www.guaranda.gob.ec\/newsiteCMT\/wp-json\/wp\/v2\/users\/7"}],"replies":[{"embeddable":true,"href":"https:\/\/www.guaranda.gob.ec\/newsiteCMT\/wp-json\/wp\/v2\/comments?post=8404"}],"version-history":[{"count":1,"href":"https:\/\/www.guaranda.gob.ec\/newsiteCMT\/wp-json\/wp\/v2\/posts\/8404\/revisions"}],"predecessor-version":[{"id":8406,"href":"https:\/\/www.guaranda.gob.ec\/newsiteCMT\/wp-json\/wp\/v2\/posts\/8404\/revisions\/8406"}],"wp:featuredmedia":[{"embeddable":true,"href":"https:\/\/www.guaranda.gob.ec\/newsiteCMT\/wp-json\/wp\/v2\/media\/8405"}],"wp:attachment":[{"href":"https:\/\/www.guaranda.gob.ec\/newsiteCMT\/wp-json\/wp\/v2\/media?parent=8404"}],"wp:term":[{"taxonomy":"category","embeddable":true,"href":"https:\/\/www.guaranda.gob.ec\/newsiteCMT\/wp-json\/wp\/v2\/categories?post=8404"},{"taxonomy":"post_tag","embeddable":true,"href":"https:\/\/www.guaranda.gob.ec\/newsiteCMT\/wp-json\/wp\/v2\/tags?post=8404"}],"curies":[{"name":"wp","href":"https:\/\/api.w.org\/{rel}","templated":true}]}}