{"id":8401,"date":"2026-01-08T11:05:27","date_gmt":"2026-01-08T16:05:27","guid":{"rendered":"https:\/\/www.guaranda.gob.ec\/newsiteCMT\/?p=8401"},"modified":"2026-03-16T11:09:18","modified_gmt":"2026-03-16T16:09:18","slug":"la-ciudadela-la-playa-entra-en-su-fase-final-como-nuevo-espacio-moderno-seguro-e-inclusivo-para-guaranda","status":"publish","type":"post","link":"https:\/\/www.guaranda.gob.ec\/newsiteCMT\/la-ciudadela-la-playa-entra-en-su-fase-final-como-nuevo-espacio-moderno-seguro-e-inclusivo-para-guaranda\/","title":{"rendered":"LA CIUDADELA LA PLAYA ENTRA EN SU FASE FINAL COMO NUEVO ESPACIO MODERNO, SEGURO E INCLUSIVO PARA GUARANDA"},"content":{"rendered":"\n<p>El Gobierno Aut\u00f3nomo Descentralizado del Cant\u00f3n Guaranda reafirma su compromiso con el desarrollo urbano, la recuperaci\u00f3n de espacios p\u00fablicos y el bienestar de la ciudadan\u00eda, impulsando proyectos que transforman zonas que por a\u00f1os permanecieron abandonadas en entornos modernos, seguros y acogedores para todas las familias.<\/p>\n\n\n\n<p>La ciudadela La Playa se encuentra actualmente en su fase final de intervenci\u00f3n, consolid\u00e1ndose como un nuevo punto de encuentro ciudadano que fortalece la convivencia social, promueve el turismo local y refuerza el orgullo de vivir en Guaranda.<\/p>\n\n\n\n<p>Dentro de este importante proyecto se ejecutan trabajos de adecentamiento del espacio p\u00fablico, que incluyen la construcci\u00f3n de paradas de bus, adoquinado de gradas, mejoramiento del sistema de alumbrado p\u00fablico, implementaci\u00f3n de jardineras, grader\u00edos, senderos peatonales, p\u00e9rgolas y rampas para personas con discapacidad, garantizando accesibilidad e inclusi\u00f3n para todos.<\/p>\n\n\n\n<p>Asimismo, se lleva a cabo la renovaci\u00f3n integral de espacios anteriormente abandonados, transform\u00e1ndolos en \u00e1reas funcionales y seguras. Como parte de esta intervenci\u00f3n, se destaca la construcci\u00f3n de un mirador con cubierta de policarbonato, que permitir\u00e1 a propios y visitantes disfrutar de una vista privilegiada en un entorno adecuado y protegido.<\/p>\n\n\n\n<p>Estas acciones reflejan una gesti\u00f3n responsable y visionaria, orientada a construir una ciudad m\u00e1s ordenada, bonita y segura, donde los espacios p\u00fablicos se conviertan en verdaderos lugares de encuentro y desarrollo comunitario.<\/p>\n\n\n\n<p>Guaranda bella, claro que s\u00ed.<\/p>\n\n\n\n<p><\/p>\n","protected":false},"excerpt":{"rendered":"<p>El Gobierno Aut\u00f3nomo Descentralizado del Cant\u00f3n Guaranda reafirma su compromiso con el desarrollo urbano, la recuperaci\u00f3n de espacios p\u00fablicos y el bienestar de la ciudadan\u00eda, impulsando proyectos que transforman zonas que por a\u00f1os permanecieron abandonadas en entornos modernos, seguros y acogedores para todas las familias. La ciudadela La Playa se encuentra actualmente en su fase [&hellip;]<\/p>\n","protected":false},"author":7,"featured_media":8402,"comment_status":"closed","ping_status":"open","sticky":false,"template":"","format":"standard","meta":{"give_campaign_id":0,"_jetpack_memberships_contains_paid_content":false,"footnotes":""},"categories":[2],"tags":[],"class_list":["post-8401","post","type-post","status-publish","format-standard","has-post-thumbnail","hentry","category-noticias"],"jetpack_featured_media_url":"https:\/\/i0.wp.com\/www.guaranda.gob.ec\/newsiteCMT\/wp-content\/uploads\/2026\/03\/DSC08862.jpg?fit=1200%2C800&ssl=1","jetpack_shortlink":"https:\/\/wp.me\/p7CGGh-2bv","jetpack_sharing_enabled":true,"_links":{"self":[{"href":"https:\/\/www.guaranda.gob.ec\/newsiteCMT\/wp-json\/wp\/v2\/posts\/8401","targetHints":{"allow":["GET"]}}],"collection":[{"href":"https:\/\/www.guaranda.gob.ec\/newsiteCMT\/wp-json\/wp\/v2\/posts"}],"about":[{"href":"https:\/\/www.guaranda.gob.ec\/newsiteCMT\/wp-json\/wp\/v2\/types\/post"}],"author":[{"embeddable":true,"href":"https:\/\/www.guaranda.gob.ec\/newsiteCMT\/wp-json\/wp\/v2\/users\/7"}],"replies":[{"embeddable":true,"href":"https:\/\/www.guaranda.gob.ec\/newsiteCMT\/wp-json\/wp\/v2\/comments?post=8401"}],"version-history":[{"count":1,"href":"https:\/\/www.guaranda.gob.ec\/newsiteCMT\/wp-json\/wp\/v2\/posts\/8401\/revisions"}],"predecessor-version":[{"id":8403,"href":"https:\/\/www.guaranda.gob.ec\/newsiteCMT\/wp-json\/wp\/v2\/posts\/8401\/revisions\/8403"}],"wp:featuredmedia":[{"embeddable":true,"href":"https:\/\/www.guaranda.gob.ec\/newsiteCMT\/wp-json\/wp\/v2\/media\/8402"}],"wp:attachment":[{"href":"https:\/\/www.guaranda.gob.ec\/newsiteCMT\/wp-json\/wp\/v2\/media?parent=8401"}],"wp:term":[{"taxonomy":"category","embeddable":true,"href":"https:\/\/www.guaranda.gob.ec\/newsiteCMT\/wp-json\/wp\/v2\/categories?post=8401"},{"taxonomy":"post_tag","embeddable":true,"href":"https:\/\/www.guaranda.gob.ec\/newsiteCMT\/wp-json\/wp\/v2\/tags?post=8401"}],"curies":[{"name":"wp","href":"https:\/\/api.w.org\/{rel}","templated":true}]}}