{"id":8196,"date":"2025-08-13T10:48:48","date_gmt":"2025-08-13T15:48:48","guid":{"rendered":"https:\/\/www.guaranda.gob.ec\/newsiteCMT\/?p=8196"},"modified":"2025-08-13T10:48:50","modified_gmt":"2025-08-13T15:48:50","slug":"alcalde-de-guaranda-fortalece-vinculos-con-comunidad-migrante-en-estados-unidos","status":"publish","type":"post","link":"https:\/\/www.guaranda.gob.ec\/newsiteCMT\/alcalde-de-guaranda-fortalece-vinculos-con-comunidad-migrante-en-estados-unidos\/","title":{"rendered":"ALCALDE DE GUARANDA FORTALECE V\u00cdNCULOS CON COMUNIDAD MIGRANTE EN ESTADOS UNIDOS"},"content":{"rendered":"\n<p>La Asociaci\u00f3n de Municipalidades Ecuatorianas (AME), liderada por su presidente, Patricio Maldonado, en conjunto con el alcalde de Guaranda, Inti Yumbay, quien adem\u00e1s es vocal principal de la Unidad T\u00e9cnica Regional 5, realizaron una importante agenda paradiplom\u00e1tica en la ciudad de New Jersey, Estados Unidos, durante tres d\u00edas de intensa actividad.<\/p>\n\n\n\n<p>Esta visita tuvo como objetivo principal estrechar v\u00ednculos con la comunidad migrante ecuatoriana, fortalecer la identidad nacional y promover el desarrollo de acciones que beneficien a los ciudadanos ecuatorianos residentes en el exterior. En este marco, se desarrollaron actividades claves como la Jornada por la Ecuatorianidad, donde se promovieron valores culturales y sociales y se entregaron reconocimientos a destacados miembros de la comunidad migrante.<\/p>\n\n\n\n<p>Uno de los momentos m\u00e1s emblem\u00e1ticos fue el izamiento de la bandera ecuatoriana, s\u00edmbolo de unidad y orgullo patrio, realizado en un acto solemne con la participaci\u00f3n de autoridades locales, representantes de los migrantes y medios de comunicaci\u00f3n. Este acto reafirm\u00f3 el compromiso de mantener vivas las ra\u00edces ecuatorianas pese a la distancia geogr\u00e1fica.<\/p>\n\n\n\n<p>Adem\u00e1s, los alcaldes sostuvieron reuniones de trabajo con l\u00edderes y organizaciones de la comunidad migrante, con quienes analizaron las necesidades y desaf\u00edos que enfrentan, a la vez que se plantearon posibles alianzas para facilitar el acceso a servicios, promover proyectos de inversi\u00f3n y facilitar la participaci\u00f3n de los migrantes en la vida social y pol\u00edtica de sus territorios de origen.<\/p>\n\n\n\n<p>El cierre de la agenda fue marcado por un gran desfile c\u00edvico ecuatoriano, en el que se exhibieron danzas tradicionales, gastronom\u00eda t\u00edpica y s\u00edmbolos patrimoniales, generando un ambiente de alegr\u00eda y reafirmando el orgullo por la cultura ecuatoriana en el extranjero.<\/p>\n\n\n\n<p>Para el alcalde Inti Yumbay, esta visita representa un esfuerzo significativo para llevar la voz y el respaldo institucional de Guaranda y la provincia de Bol\u00edvar a sus compatriotas, promoviendo la unidad y el sentido de pertenencia de los ecuatorianos en el exterior. &#8220;Queremos que cada ecuatoriano migrante se sienta acompa\u00f1ado y respaldado por su gobierno local, sin importar donde se encuentre&#8221;, afirm\u00f3.<\/p>\n\n\n\n<p>Por su parte, el presidente de la AME, Patricio Maldonado, destac\u00f3 la importancia de estas gestiones paradiplom\u00e1ticas como un puente para fortalecer el desarrollo local y la cooperaci\u00f3n internacional, enfatizando que el trabajo conjunto entre municipios y comunidades migrantes es fundamental, para impulsar el progreso social y econ\u00f3mico del pa\u00eds.<\/p>\n\n\n\n<p>Esta visita tambi\u00e9n incluy\u00f3 espacios de di\u00e1logo con autoridades locales de New Jersey, lo que abre la puerta a futuras colaboraciones bilaterales en temas como cultura, educaci\u00f3n y desarrollo comunitario.<\/p>\n\n\n\n<p>Con estas acciones, la AME y sus alcaldes refuerzan su acercamiento con la comunidad ecuatoriana en el exterior, promoviendo la identidad nacional y generando oportunidades que contribuyan al bienestar y crecimiento de sus territorios de origen y residencia.<\/p>\n\n\n","protected":false},"excerpt":{"rendered":"<p>La Asociaci\u00f3n de Municipalidades Ecuatorianas (AME), liderada por su presidente, Patricio Maldonado, en conjunto con el alcalde de Guaranda, Inti Yumbay, quien adem\u00e1s es vocal principal de la Unidad T\u00e9cnica Regional 5, realizaron una importante agenda paradiplom\u00e1tica en la ciudad de New Jersey, Estados Unidos, durante tres d\u00edas de intensa actividad. Esta visita tuvo como [&hellip;]<\/p>\n","protected":false},"author":7,"featured_media":8198,"comment_status":"closed","ping_status":"open","sticky":false,"template":"","format":"standard","meta":{"give_campaign_id":0,"_jetpack_memberships_contains_paid_content":false,"footnotes":""},"categories":[2],"tags":[],"class_list":["post-8196","post","type-post","status-publish","format-standard","has-post-thumbnail","hentry","category-noticias"],"jetpack_featured_media_url":"https:\/\/i0.wp.com\/www.guaranda.gob.ec\/newsiteCMT\/wp-content\/uploads\/2025\/08\/IMG_4861.jpg?fit=1200%2C900&ssl=1","jetpack_shortlink":"https:\/\/wp.me\/p7CGGh-28c","jetpack_sharing_enabled":true,"_links":{"self":[{"href":"https:\/\/www.guaranda.gob.ec\/newsiteCMT\/wp-json\/wp\/v2\/posts\/8196","targetHints":{"allow":["GET"]}}],"collection":[{"href":"https:\/\/www.guaranda.gob.ec\/newsiteCMT\/wp-json\/wp\/v2\/posts"}],"about":[{"href":"https:\/\/www.guaranda.gob.ec\/newsiteCMT\/wp-json\/wp\/v2\/types\/post"}],"author":[{"embeddable":true,"href":"https:\/\/www.guaranda.gob.ec\/newsiteCMT\/wp-json\/wp\/v2\/users\/7"}],"replies":[{"embeddable":true,"href":"https:\/\/www.guaranda.gob.ec\/newsiteCMT\/wp-json\/wp\/v2\/comments?post=8196"}],"version-history":[{"count":1,"href":"https:\/\/www.guaranda.gob.ec\/newsiteCMT\/wp-json\/wp\/v2\/posts\/8196\/revisions"}],"predecessor-version":[{"id":8199,"href":"https:\/\/www.guaranda.gob.ec\/newsiteCMT\/wp-json\/wp\/v2\/posts\/8196\/revisions\/8199"}],"wp:featuredmedia":[{"embeddable":true,"href":"https:\/\/www.guaranda.gob.ec\/newsiteCMT\/wp-json\/wp\/v2\/media\/8198"}],"wp:attachment":[{"href":"https:\/\/www.guaranda.gob.ec\/newsiteCMT\/wp-json\/wp\/v2\/media?parent=8196"}],"wp:term":[{"taxonomy":"category","embeddable":true,"href":"https:\/\/www.guaranda.gob.ec\/newsiteCMT\/wp-json\/wp\/v2\/categories?post=8196"},{"taxonomy":"post_tag","embeddable":true,"href":"https:\/\/www.guaranda.gob.ec\/newsiteCMT\/wp-json\/wp\/v2\/tags?post=8196"}],"curies":[{"name":"wp","href":"https:\/\/api.w.org\/{rel}","templated":true}]}}