{"id":8163,"date":"2025-07-23T13:03:17","date_gmt":"2025-07-23T18:03:17","guid":{"rendered":"https:\/\/www.guaranda.gob.ec\/newsiteCMT\/?p=8163"},"modified":"2025-07-23T13:03:18","modified_gmt":"2025-07-23T18:03:18","slug":"nuevo-cubierta-en-pongo-urco","status":"publish","type":"post","link":"https:\/\/www.guaranda.gob.ec\/newsiteCMT\/nuevo-cubierta-en-pongo-urco\/","title":{"rendered":"NUEVO CUBIERTA EN PONGO URCO"},"content":{"rendered":"\n<p>El Gobierno Aut\u00f3nomo Descentralizado del cant\u00f3n Guaranda realiz\u00f3 la inauguraci\u00f3n oficial de una nueva cubierta en la comunidad de Pongo Urco, con el objetivo de brindar un espacio adecuado y seguro para el desarrollo de actividades comunitarias, culturales y deportivas.<\/p>\n\n\n\n<p>La obra represent\u00f3 una inversi\u00f3n de USD 61,218.26 y beneficiar\u00e1 directamente a m\u00e1s de 400 habitantes de la zona. Durante el acto inaugural, el Dr. Inti Yumbay destac\u00f3 la importancia de esta infraestructura para el fortalecimiento del tejido social de la comunidad.<\/p>\n\n\n\n<p>La cubierta permitir\u00e1 mejorar las condiciones para la realizaci\u00f3n de eventos en toda \u00e9poca del a\u00f1o, protegiendo a ni\u00f1os, j\u00f3venes y adultos del sol y la lluvia.<\/p>\n\n\n\n<p>Este proyecto forma parte del compromiso del Gobierno Municipal de Guaranda por mejorar la calidad de vida de todos los ciudadanos, impulsando obras que promuevan la participaci\u00f3n ciudadana y el desarrollo integral.<\/p>\n\n\n\n<figure class=\"wp-block-gallery has-nested-images columns-default is-cropped wp-block-gallery-1 is-layout-flex wp-block-gallery-is-layout-flex\">\n<figure class=\"wp-block-image size-large\"><img data-recalc-dims=\"1\" fetchpriority=\"high\" decoding=\"async\" width=\"770\" height=\"514\" data-id=\"8165\" src=\"https:\/\/i0.wp.com\/www.guaranda.gob.ec\/newsiteCMT\/wp-content\/uploads\/2025\/07\/IMG_4239-1.jpg?resize=770%2C514&#038;ssl=1\" alt=\"\" class=\"wp-image-8165\" srcset=\"https:\/\/i0.wp.com\/www.guaranda.gob.ec\/newsiteCMT\/wp-content\/uploads\/2025\/07\/IMG_4239-1.jpg?resize=1024%2C683&amp;ssl=1 1024w, https:\/\/i0.wp.com\/www.guaranda.gob.ec\/newsiteCMT\/wp-content\/uploads\/2025\/07\/IMG_4239-1.jpg?resize=300%2C200&amp;ssl=1 300w, https:\/\/i0.wp.com\/www.guaranda.gob.ec\/newsiteCMT\/wp-content\/uploads\/2025\/07\/IMG_4239-1.jpg?w=1200&amp;ssl=1 1200w\" sizes=\"(max-width: 770px) 100vw, 770px\" \/><\/figure>\n\n\n\n<figure class=\"wp-block-image size-large\"><img data-recalc-dims=\"1\" decoding=\"async\" width=\"770\" height=\"514\" data-id=\"8168\" src=\"https:\/\/i0.wp.com\/www.guaranda.gob.ec\/newsiteCMT\/wp-content\/uploads\/2025\/07\/IMG_4224.jpg?resize=770%2C514&#038;ssl=1\" alt=\"\" class=\"wp-image-8168\" srcset=\"https:\/\/i0.wp.com\/www.guaranda.gob.ec\/newsiteCMT\/wp-content\/uploads\/2025\/07\/IMG_4224.jpg?resize=1024%2C683&amp;ssl=1 1024w, https:\/\/i0.wp.com\/www.guaranda.gob.ec\/newsiteCMT\/wp-content\/uploads\/2025\/07\/IMG_4224.jpg?resize=300%2C200&amp;ssl=1 300w, https:\/\/i0.wp.com\/www.guaranda.gob.ec\/newsiteCMT\/wp-content\/uploads\/2025\/07\/IMG_4224.jpg?w=1200&amp;ssl=1 1200w\" sizes=\"(max-width: 770px) 100vw, 770px\" \/><\/figure>\n\n\n\n<figure class=\"wp-block-image size-large\"><img data-recalc-dims=\"1\" decoding=\"async\" width=\"770\" height=\"514\" data-id=\"8167\" src=\"https:\/\/i0.wp.com\/www.guaranda.gob.ec\/newsiteCMT\/wp-content\/uploads\/2025\/07\/IMG_4159.jpg?resize=770%2C514&#038;ssl=1\" alt=\"\" class=\"wp-image-8167\" srcset=\"https:\/\/i0.wp.com\/www.guaranda.gob.ec\/newsiteCMT\/wp-content\/uploads\/2025\/07\/IMG_4159.jpg?resize=1024%2C683&amp;ssl=1 1024w, https:\/\/i0.wp.com\/www.guaranda.gob.ec\/newsiteCMT\/wp-content\/uploads\/2025\/07\/IMG_4159.jpg?resize=300%2C200&amp;ssl=1 300w, https:\/\/i0.wp.com\/www.guaranda.gob.ec\/newsiteCMT\/wp-content\/uploads\/2025\/07\/IMG_4159.jpg?w=1200&amp;ssl=1 1200w\" sizes=\"(max-width: 770px) 100vw, 770px\" \/><\/figure>\n<\/figure>\n","protected":false},"excerpt":{"rendered":"<p>El Gobierno Aut\u00f3nomo Descentralizado del cant\u00f3n Guaranda realiz\u00f3 la inauguraci\u00f3n oficial de una nueva cubierta en la comunidad de Pongo Urco, con el objetivo de brindar un espacio adecuado y seguro para el desarrollo de actividades comunitarias, culturales y deportivas. La obra represent\u00f3 una inversi\u00f3n de USD 61,218.26 y beneficiar\u00e1 directamente a m\u00e1s de 400 [&hellip;]<\/p>\n","protected":false},"author":7,"featured_media":8169,"comment_status":"closed","ping_status":"open","sticky":false,"template":"","format":"standard","meta":{"give_campaign_id":0,"_jetpack_memberships_contains_paid_content":false,"footnotes":""},"categories":[2],"tags":[],"class_list":["post-8163","post","type-post","status-publish","format-standard","has-post-thumbnail","hentry","category-noticias"],"jetpack_featured_media_url":"https:\/\/i0.wp.com\/www.guaranda.gob.ec\/newsiteCMT\/wp-content\/uploads\/2025\/07\/DJI_20250712143744_0085_D.jpg?fit=1200%2C675&ssl=1","jetpack_shortlink":"https:\/\/wp.me\/p7CGGh-27F","jetpack_sharing_enabled":true,"_links":{"self":[{"href":"https:\/\/www.guaranda.gob.ec\/newsiteCMT\/wp-json\/wp\/v2\/posts\/8163","targetHints":{"allow":["GET"]}}],"collection":[{"href":"https:\/\/www.guaranda.gob.ec\/newsiteCMT\/wp-json\/wp\/v2\/posts"}],"about":[{"href":"https:\/\/www.guaranda.gob.ec\/newsiteCMT\/wp-json\/wp\/v2\/types\/post"}],"author":[{"embeddable":true,"href":"https:\/\/www.guaranda.gob.ec\/newsiteCMT\/wp-json\/wp\/v2\/users\/7"}],"replies":[{"embeddable":true,"href":"https:\/\/www.guaranda.gob.ec\/newsiteCMT\/wp-json\/wp\/v2\/comments?post=8163"}],"version-history":[{"count":1,"href":"https:\/\/www.guaranda.gob.ec\/newsiteCMT\/wp-json\/wp\/v2\/posts\/8163\/revisions"}],"predecessor-version":[{"id":8170,"href":"https:\/\/www.guaranda.gob.ec\/newsiteCMT\/wp-json\/wp\/v2\/posts\/8163\/revisions\/8170"}],"wp:featuredmedia":[{"embeddable":true,"href":"https:\/\/www.guaranda.gob.ec\/newsiteCMT\/wp-json\/wp\/v2\/media\/8169"}],"wp:attachment":[{"href":"https:\/\/www.guaranda.gob.ec\/newsiteCMT\/wp-json\/wp\/v2\/media?parent=8163"}],"wp:term":[{"taxonomy":"category","embeddable":true,"href":"https:\/\/www.guaranda.gob.ec\/newsiteCMT\/wp-json\/wp\/v2\/categories?post=8163"},{"taxonomy":"post_tag","embeddable":true,"href":"https:\/\/www.guaranda.gob.ec\/newsiteCMT\/wp-json\/wp\/v2\/tags?post=8163"}],"curies":[{"name":"wp","href":"https:\/\/api.w.org\/{rel}","templated":true}]}}