{"id":6037,"date":"2022-07-25T18:09:26","date_gmt":"2022-07-25T23:09:26","guid":{"rendered":"http:\/\/www.guaranda.gob.ec\/newsiteCMT\/?p=6037"},"modified":"2022-07-25T18:09:26","modified_gmt":"2022-07-25T23:09:26","slug":"alcalde-medardo-chimbolema-participo-de-la-sesion-solemne-de-la-universidad-estatal-de-bolivar","status":"publish","type":"post","link":"https:\/\/www.guaranda.gob.ec\/newsiteCMT\/alcalde-medardo-chimbolema-participo-de-la-sesion-solemne-de-la-universidad-estatal-de-bolivar\/","title":{"rendered":"Alcalde Medardo Chimbolema particip\u00f3 de la Sesi\u00f3n Solemne de la Universidad Estatal de Bol\u00edvar"},"content":{"rendered":"<p class=\"p1\">El alcalde Medardo Chimbolema, particip\u00f3 de la sesi\u00f3n solemne conmemorativa de la Universidad Estatal de Bol\u00edvar, que celebr\u00f3 sus 33 a\u00f1os de creaci\u00f3n; la ceremonia estuvo presidida por el Dr. Arturo Rojas, rector de la UEB y tuvo lugar en la plazoleta Sim\u00f3n Bol\u00edvar del centro de estudios superior, a la que acudieron autoridades locales y nacionales.<\/p>\n<p class=\"p1\">La primera autoridad del cant\u00f3n, felicit\u00f3 a la Universidad por su aniversario y por haber obtenido la certificaci\u00f3n de acreditaci\u00f3n de la calidad de educaci\u00f3n superior, adem\u00e1s, anim\u00f3 a la comunidad universitaria a seguir creciendo y aportando al desarrollo del cant\u00f3n.<\/p>\n<p class=\"p1\">En el desarrollo del evento, varias instituciones otorgaron reconocimientos al alma m\u00e1ter bolivarense por su trayectoria e impacto en la sociedad.<\/p>\n","protected":false},"excerpt":{"rendered":"<p>El alcalde Medardo Chimbolema, particip\u00f3 de la sesi\u00f3n solemne conmemorativa de la Universidad Estatal de Bol\u00edvar, que celebr\u00f3 sus 33 a\u00f1os de creaci\u00f3n; la ceremonia estuvo presidida por el Dr. Arturo Rojas, rector de la UEB y tuvo lugar en la plazoleta Sim\u00f3n Bol\u00edvar del centro de estudios superior, a la que acudieron autoridades locales [&hellip;]<\/p>\n","protected":false},"author":7,"featured_media":6038,"comment_status":"closed","ping_status":"open","sticky":false,"template":"","format":"standard","meta":{"give_campaign_id":0,"_jetpack_memberships_contains_paid_content":false,"footnotes":""},"categories":[2],"tags":[],"class_list":["post-6037","post","type-post","status-publish","format-standard","has-post-thumbnail","hentry","category-noticias"],"jetpack_featured_media_url":"https:\/\/i0.wp.com\/www.guaranda.gob.ec\/newsiteCMT\/wp-content\/uploads\/2022\/07\/IMG_5839.jpg?fit=1200%2C900&ssl=1","jetpack_shortlink":"https:\/\/wp.me\/p7CGGh-1zn","jetpack_sharing_enabled":true,"_links":{"self":[{"href":"https:\/\/www.guaranda.gob.ec\/newsiteCMT\/wp-json\/wp\/v2\/posts\/6037","targetHints":{"allow":["GET"]}}],"collection":[{"href":"https:\/\/www.guaranda.gob.ec\/newsiteCMT\/wp-json\/wp\/v2\/posts"}],"about":[{"href":"https:\/\/www.guaranda.gob.ec\/newsiteCMT\/wp-json\/wp\/v2\/types\/post"}],"author":[{"embeddable":true,"href":"https:\/\/www.guaranda.gob.ec\/newsiteCMT\/wp-json\/wp\/v2\/users\/7"}],"replies":[{"embeddable":true,"href":"https:\/\/www.guaranda.gob.ec\/newsiteCMT\/wp-json\/wp\/v2\/comments?post=6037"}],"version-history":[{"count":1,"href":"https:\/\/www.guaranda.gob.ec\/newsiteCMT\/wp-json\/wp\/v2\/posts\/6037\/revisions"}],"predecessor-version":[{"id":6039,"href":"https:\/\/www.guaranda.gob.ec\/newsiteCMT\/wp-json\/wp\/v2\/posts\/6037\/revisions\/6039"}],"wp:featuredmedia":[{"embeddable":true,"href":"https:\/\/www.guaranda.gob.ec\/newsiteCMT\/wp-json\/wp\/v2\/media\/6038"}],"wp:attachment":[{"href":"https:\/\/www.guaranda.gob.ec\/newsiteCMT\/wp-json\/wp\/v2\/media?parent=6037"}],"wp:term":[{"taxonomy":"category","embeddable":true,"href":"https:\/\/www.guaranda.gob.ec\/newsiteCMT\/wp-json\/wp\/v2\/categories?post=6037"},{"taxonomy":"post_tag","embeddable":true,"href":"https:\/\/www.guaranda.gob.ec\/newsiteCMT\/wp-json\/wp\/v2\/tags?post=6037"}],"curies":[{"name":"wp","href":"https:\/\/api.w.org\/{rel}","templated":true}]}}