{"id":6005,"date":"2022-07-20T08:33:13","date_gmt":"2022-07-20T13:33:13","guid":{"rendered":"http:\/\/www.guaranda.gob.ec\/newsiteCMT\/?p=6005"},"modified":"2022-07-20T08:33:13","modified_gmt":"2022-07-20T13:33:13","slug":"municipio-presenta-la-campana-guaranda-ciudad-verde","status":"publish","type":"post","link":"https:\/\/www.guaranda.gob.ec\/newsiteCMT\/municipio-presenta-la-campana-guaranda-ciudad-verde\/","title":{"rendered":"MUNICIPIO PRESENTA LA CAMPA\u00d1A \u201cGUARANDA CIUDAD VERDE\u201d"},"content":{"rendered":"<p>El viernes 15 de julio en el Sal\u00f3n de la Ciudad, del Municipio de Guaranda, se realiz\u00f3 la presentaci\u00f3n de la campa\u00f1a \u201cGuaranda Ciudad Verde\u201d, que tiene como objetivo socializar a la ciudadan\u00eda sobre el nuevo Centro de Aprovechamiento de Residuos S\u00f3lidos que construye la alcald\u00eda, as\u00ed como temas de reciclaje, reducci\u00f3n de desechos y compostaje.<\/p>\n<p>El plan piloto del proyecto se realizar\u00e1 con la colaboraci\u00f3n de varias \u00e1reas del Municipio de Guaranda.<\/p>\n<p>Al evento acudieron funcionarios municipales y el equipo que conforma el proyecto; durante la presentaci\u00f3n existi\u00f3 varios aportes a la campa\u00f1a, la misma que se ejecutar\u00e1 en las unidades educativas, barrios, ciudadelas y parroquias del cant\u00f3n.<\/p>\n<p>La meta de la campa\u00f1a es que la ciudadan\u00eda desarrolle h\u00e1bitos de manejo de los desechos y mejore la convivencia, el equilibrio ambiental y la calidad de vida de cada localidad, lo que contribuir\u00e1 al trabajo en el nuevo Centro de Aprovechamiento de Residuos S\u00f3lidos.<\/p>\n","protected":false},"excerpt":{"rendered":"<p>El viernes 15 de julio en el Sal\u00f3n de la Ciudad, del Municipio de Guaranda, se realiz\u00f3 la presentaci\u00f3n de la campa\u00f1a \u201cGuaranda Ciudad Verde\u201d, que tiene como objetivo socializar a la ciudadan\u00eda sobre el nuevo Centro de Aprovechamiento de Residuos S\u00f3lidos que construye la alcald\u00eda, as\u00ed como temas de reciclaje, reducci\u00f3n de desechos y [&hellip;]<\/p>\n","protected":false},"author":7,"featured_media":6006,"comment_status":"closed","ping_status":"open","sticky":false,"template":"","format":"standard","meta":{"give_campaign_id":0,"_jetpack_memberships_contains_paid_content":false,"footnotes":""},"categories":[2],"tags":[],"class_list":["post-6005","post","type-post","status-publish","format-standard","has-post-thumbnail","hentry","category-noticias"],"jetpack_featured_media_url":"https:\/\/i0.wp.com\/www.guaranda.gob.ec\/newsiteCMT\/wp-content\/uploads\/2022\/07\/IMG_5333.jpg?fit=1200%2C900&ssl=1","jetpack_shortlink":"https:\/\/wp.me\/p7CGGh-1yR","jetpack_sharing_enabled":true,"_links":{"self":[{"href":"https:\/\/www.guaranda.gob.ec\/newsiteCMT\/wp-json\/wp\/v2\/posts\/6005","targetHints":{"allow":["GET"]}}],"collection":[{"href":"https:\/\/www.guaranda.gob.ec\/newsiteCMT\/wp-json\/wp\/v2\/posts"}],"about":[{"href":"https:\/\/www.guaranda.gob.ec\/newsiteCMT\/wp-json\/wp\/v2\/types\/post"}],"author":[{"embeddable":true,"href":"https:\/\/www.guaranda.gob.ec\/newsiteCMT\/wp-json\/wp\/v2\/users\/7"}],"replies":[{"embeddable":true,"href":"https:\/\/www.guaranda.gob.ec\/newsiteCMT\/wp-json\/wp\/v2\/comments?post=6005"}],"version-history":[{"count":1,"href":"https:\/\/www.guaranda.gob.ec\/newsiteCMT\/wp-json\/wp\/v2\/posts\/6005\/revisions"}],"predecessor-version":[{"id":6007,"href":"https:\/\/www.guaranda.gob.ec\/newsiteCMT\/wp-json\/wp\/v2\/posts\/6005\/revisions\/6007"}],"wp:featuredmedia":[{"embeddable":true,"href":"https:\/\/www.guaranda.gob.ec\/newsiteCMT\/wp-json\/wp\/v2\/media\/6006"}],"wp:attachment":[{"href":"https:\/\/www.guaranda.gob.ec\/newsiteCMT\/wp-json\/wp\/v2\/media?parent=6005"}],"wp:term":[{"taxonomy":"category","embeddable":true,"href":"https:\/\/www.guaranda.gob.ec\/newsiteCMT\/wp-json\/wp\/v2\/categories?post=6005"},{"taxonomy":"post_tag","embeddable":true,"href":"https:\/\/www.guaranda.gob.ec\/newsiteCMT\/wp-json\/wp\/v2\/tags?post=6005"}],"curies":[{"name":"wp","href":"https:\/\/api.w.org\/{rel}","templated":true}]}}