{"id":6002,"date":"2022-07-20T08:31:01","date_gmt":"2022-07-20T13:31:01","guid":{"rendered":"http:\/\/www.guaranda.gob.ec\/newsiteCMT\/?p=6002"},"modified":"2022-07-20T08:31:01","modified_gmt":"2022-07-20T13:31:01","slug":"el-plan-de-vivienda-de-interes-social-municipal-el-capuli-se-cristaliza","status":"publish","type":"post","link":"https:\/\/www.guaranda.gob.ec\/newsiteCMT\/el-plan-de-vivienda-de-interes-social-municipal-el-capuli-se-cristaliza\/","title":{"rendered":"EL PLAN DE VIVIENDA DE INTER\u00c9S SOCIAL MUNICIPAL \u201cEL CAPUL\u00cd\u201d, SE CRISTALIZA"},"content":{"rendered":"<p>Desde la colocaci\u00f3n de la primera piedra que fue el paso inicial para cristalizar el proyecto de vivienda, \u201cEl Capul\u00ed\u201d en Negroyaco, los avances para delinear el trabajo contin\u00faan de forma progresiva.<\/p>\n<p>Tras las excavaciones y conformaci\u00f3n de plataformas, se ha iniciado con la construcci\u00f3n de las columnas para la cimentaci\u00f3n de las primeras casas; las que deber\u00e1n estar listas dentro de cuatro meses, tiempo que est\u00e1 previsto entregarlas conforme al cronograma propuesto por la Empresa Municipal de Vivienda de Inter\u00e9s Social, responsable del proyecto, pensado para beneficiar a 200 familias.<\/p>\n<p>De esta manera la administraci\u00f3n del alcalde Medardo Chimbolema, brinda oportunidades para que familias que no tienen techo, accedan a una vivienda digna y cumplan el sue\u00f1o de una casa propia, con escrituras y todos los servicios b\u00e1sicos.<\/p>\n","protected":false},"excerpt":{"rendered":"<p>Desde la colocaci\u00f3n de la primera piedra que fue el paso inicial para cristalizar el proyecto de vivienda, \u201cEl Capul\u00ed\u201d en Negroyaco, los avances para delinear el trabajo contin\u00faan de forma progresiva. Tras las excavaciones y conformaci\u00f3n de plataformas, se ha iniciado con la construcci\u00f3n de las columnas para la cimentaci\u00f3n de las primeras casas; [&hellip;]<\/p>\n","protected":false},"author":7,"featured_media":6003,"comment_status":"closed","ping_status":"open","sticky":false,"template":"","format":"standard","meta":{"give_campaign_id":0,"_jetpack_memberships_contains_paid_content":false,"footnotes":""},"categories":[2],"tags":[],"class_list":["post-6002","post","type-post","status-publish","format-standard","has-post-thumbnail","hentry","category-noticias"],"jetpack_featured_media_url":"https:\/\/i0.wp.com\/www.guaranda.gob.ec\/newsiteCMT\/wp-content\/uploads\/2022\/07\/IMG_5103.jpg?fit=1200%2C900&ssl=1","jetpack_shortlink":"https:\/\/wp.me\/p7CGGh-1yO","jetpack_sharing_enabled":true,"_links":{"self":[{"href":"https:\/\/www.guaranda.gob.ec\/newsiteCMT\/wp-json\/wp\/v2\/posts\/6002","targetHints":{"allow":["GET"]}}],"collection":[{"href":"https:\/\/www.guaranda.gob.ec\/newsiteCMT\/wp-json\/wp\/v2\/posts"}],"about":[{"href":"https:\/\/www.guaranda.gob.ec\/newsiteCMT\/wp-json\/wp\/v2\/types\/post"}],"author":[{"embeddable":true,"href":"https:\/\/www.guaranda.gob.ec\/newsiteCMT\/wp-json\/wp\/v2\/users\/7"}],"replies":[{"embeddable":true,"href":"https:\/\/www.guaranda.gob.ec\/newsiteCMT\/wp-json\/wp\/v2\/comments?post=6002"}],"version-history":[{"count":1,"href":"https:\/\/www.guaranda.gob.ec\/newsiteCMT\/wp-json\/wp\/v2\/posts\/6002\/revisions"}],"predecessor-version":[{"id":6004,"href":"https:\/\/www.guaranda.gob.ec\/newsiteCMT\/wp-json\/wp\/v2\/posts\/6002\/revisions\/6004"}],"wp:featuredmedia":[{"embeddable":true,"href":"https:\/\/www.guaranda.gob.ec\/newsiteCMT\/wp-json\/wp\/v2\/media\/6003"}],"wp:attachment":[{"href":"https:\/\/www.guaranda.gob.ec\/newsiteCMT\/wp-json\/wp\/v2\/media?parent=6002"}],"wp:term":[{"taxonomy":"category","embeddable":true,"href":"https:\/\/www.guaranda.gob.ec\/newsiteCMT\/wp-json\/wp\/v2\/categories?post=6002"},{"taxonomy":"post_tag","embeddable":true,"href":"https:\/\/www.guaranda.gob.ec\/newsiteCMT\/wp-json\/wp\/v2\/tags?post=6002"}],"curies":[{"name":"wp","href":"https:\/\/api.w.org\/{rel}","templated":true}]}}