{"id":5993,"date":"2022-07-20T08:24:53","date_gmt":"2022-07-20T13:24:53","guid":{"rendered":"http:\/\/www.guaranda.gob.ec\/newsiteCMT\/?p=5993"},"modified":"2022-07-20T08:24:53","modified_gmt":"2022-07-20T13:24:53","slug":"alcalde-medardo-chimbolema-constato-avances-en-la-plaza-de-rastros-de-simiatug","status":"publish","type":"post","link":"https:\/\/www.guaranda.gob.ec\/newsiteCMT\/alcalde-medardo-chimbolema-constato-avances-en-la-plaza-de-rastros-de-simiatug\/","title":{"rendered":"ALCALDE, MEDARDO CHIMBOLEMA CONSTAT\u00d3 AVANCES EN LA PLAZA DE RASTROS DE SIMIATUG"},"content":{"rendered":"<p>La nueva plaza de comercializaci\u00f3n de animales de Simiatug, tiene por objetivo dignificar la labor de los comerciantes y garantizar calidad a los consumidores. Mediante un recorrido por el predio, el alcalde Medardo Chimbolema constat\u00f3 los trabajos del sistema de drenaje para controlar el nivel fre\u00e1tico del agua subterr\u00e1nea del terreno donde se ejecuta la obra.<\/p>\n<p>La nueva plaza de comercializaci\u00f3n de ganado vacuno, porcino, lanar y especies menores, se construye bajo un convenio con la junta Parroquial de Simiatug y la participaci\u00f3n de los moradores, a trav\u00e9s\u00a0 de mingas y actividades de participaci\u00f3n social.<\/p>\n<p>La obra contar\u00e1 con dos plataformas de 1.330 metros cuadrados cada una, zona de alimentos, \u00e1rea administrativa, 2 unidades de b\u00e1scula y cerramiento frontal, todo con un presupuesto de 133.928.05, m\u00e1s IVA,\u00a0 para que los usuarios, as\u00ed como los comerciantes, tengan toda la comodidad para realizar sus actividades. La obra tambi\u00e9n beneficiar\u00e1 a sectores aleda\u00f1os as\u00ed como comunidades tanto la provincia de Chimborazo y Tungurahua.<\/p>\n","protected":false},"excerpt":{"rendered":"<p>La nueva plaza de comercializaci\u00f3n de animales de Simiatug, tiene por objetivo dignificar la labor de los comerciantes y garantizar calidad a los consumidores. Mediante un recorrido por el predio, el alcalde Medardo Chimbolema constat\u00f3 los trabajos del sistema de drenaje para controlar el nivel fre\u00e1tico del agua subterr\u00e1nea del terreno donde se ejecuta la [&hellip;]<\/p>\n","protected":false},"author":7,"featured_media":5994,"comment_status":"closed","ping_status":"open","sticky":false,"template":"","format":"standard","meta":{"give_campaign_id":0,"_jetpack_memberships_contains_paid_content":false,"footnotes":""},"categories":[2],"tags":[],"class_list":["post-5993","post","type-post","status-publish","format-standard","has-post-thumbnail","hentry","category-noticias"],"jetpack_featured_media_url":"https:\/\/i0.wp.com\/www.guaranda.gob.ec\/newsiteCMT\/wp-content\/uploads\/2022\/07\/291794886_5249627845152876_3858956671320816495_n.jpeg?fit=1200%2C727&ssl=1","jetpack_shortlink":"https:\/\/wp.me\/p7CGGh-1yF","jetpack_sharing_enabled":true,"_links":{"self":[{"href":"https:\/\/www.guaranda.gob.ec\/newsiteCMT\/wp-json\/wp\/v2\/posts\/5993","targetHints":{"allow":["GET"]}}],"collection":[{"href":"https:\/\/www.guaranda.gob.ec\/newsiteCMT\/wp-json\/wp\/v2\/posts"}],"about":[{"href":"https:\/\/www.guaranda.gob.ec\/newsiteCMT\/wp-json\/wp\/v2\/types\/post"}],"author":[{"embeddable":true,"href":"https:\/\/www.guaranda.gob.ec\/newsiteCMT\/wp-json\/wp\/v2\/users\/7"}],"replies":[{"embeddable":true,"href":"https:\/\/www.guaranda.gob.ec\/newsiteCMT\/wp-json\/wp\/v2\/comments?post=5993"}],"version-history":[{"count":1,"href":"https:\/\/www.guaranda.gob.ec\/newsiteCMT\/wp-json\/wp\/v2\/posts\/5993\/revisions"}],"predecessor-version":[{"id":5995,"href":"https:\/\/www.guaranda.gob.ec\/newsiteCMT\/wp-json\/wp\/v2\/posts\/5993\/revisions\/5995"}],"wp:featuredmedia":[{"embeddable":true,"href":"https:\/\/www.guaranda.gob.ec\/newsiteCMT\/wp-json\/wp\/v2\/media\/5994"}],"wp:attachment":[{"href":"https:\/\/www.guaranda.gob.ec\/newsiteCMT\/wp-json\/wp\/v2\/media?parent=5993"}],"wp:term":[{"taxonomy":"category","embeddable":true,"href":"https:\/\/www.guaranda.gob.ec\/newsiteCMT\/wp-json\/wp\/v2\/categories?post=5993"},{"taxonomy":"post_tag","embeddable":true,"href":"https:\/\/www.guaranda.gob.ec\/newsiteCMT\/wp-json\/wp\/v2\/tags?post=5993"}],"curies":[{"name":"wp","href":"https:\/\/api.w.org\/{rel}","templated":true}]}}