{"id":5987,"date":"2022-07-20T08:20:18","date_gmt":"2022-07-20T13:20:18","guid":{"rendered":"http:\/\/www.guaranda.gob.ec\/newsiteCMT\/?p=5987"},"modified":"2022-07-20T08:20:18","modified_gmt":"2022-07-20T13:20:18","slug":"kilitawa-recibe-accesorios-y-materiales-para-el-sistema-de-agua-potable","status":"publish","type":"post","link":"https:\/\/www.guaranda.gob.ec\/newsiteCMT\/kilitawa-recibe-accesorios-y-materiales-para-el-sistema-de-agua-potable\/","title":{"rendered":"KILITAWA RECIBE ACCESORIOS Y MATERIALES PARA EL SISTEMA DE AGUA POTABLE"},"content":{"rendered":"<p>El Municipio de Guaranda, a trav\u00e9s de la Direcci\u00f3n de Obras P\u00fablicas, entreg\u00f3 varios accesorios para el sistema de agua potable de la comunidad Kilitawa, los mismos ser\u00e1n utilizados en la construcci\u00f3n del sistema. Esta actividad se cumpli\u00f3 con la presencia de Medardo Chimbolema, alcalde del cant\u00f3n Guaranda, la presidenta de la comunidad, moradores de la localidad e integrantes del Club Rotario, quienes aportan con la tuber\u00eda para este proyecto.<\/p>\n<p>El primer personero municipal, durante su intervenci\u00f3n, destac\u00f3 que el apoyo a las comunidades como Kilitawa, se realiza de forma permanente, no solo con los accesorios, sino tambi\u00e9n con el respaldo t\u00e9cnico de la municipalidad para garantizar que los trabajos se ejecuten de forma adecuada.<\/p>\n<p>Esta administraci\u00f3n se ha impuesto la tarea de atender con servicios b\u00e1sicos al cant\u00f3n apoy\u00e1ndose en las mingas con los moradores de las zonas involucradas, para lo cual se coordinan constantemente con dirigentes de los barrios, ciudadelas y comunidades donde se establecen l\u00edneas de acci\u00f3n en funci\u00f3n de sus requerimientos.<\/p>\n","protected":false},"excerpt":{"rendered":"<p>El Municipio de Guaranda, a trav\u00e9s de la Direcci\u00f3n de Obras P\u00fablicas, entreg\u00f3 varios accesorios para el sistema de agua potable de la comunidad Kilitawa, los mismos ser\u00e1n utilizados en la construcci\u00f3n del sistema. Esta actividad se cumpli\u00f3 con la presencia de Medardo Chimbolema, alcalde del cant\u00f3n Guaranda, la presidenta de la comunidad, moradores de [&hellip;]<\/p>\n","protected":false},"author":7,"featured_media":5988,"comment_status":"closed","ping_status":"open","sticky":false,"template":"","format":"standard","meta":{"give_campaign_id":0,"_jetpack_memberships_contains_paid_content":false,"footnotes":""},"categories":[2],"tags":[],"class_list":["post-5987","post","type-post","status-publish","format-standard","has-post-thumbnail","hentry","category-noticias"],"jetpack_featured_media_url":"https:\/\/i0.wp.com\/www.guaranda.gob.ec\/newsiteCMT\/wp-content\/uploads\/2022\/07\/IMG_5667.jpg?fit=1125%2C620&ssl=1","jetpack_shortlink":"https:\/\/wp.me\/p7CGGh-1yz","jetpack_sharing_enabled":true,"_links":{"self":[{"href":"https:\/\/www.guaranda.gob.ec\/newsiteCMT\/wp-json\/wp\/v2\/posts\/5987","targetHints":{"allow":["GET"]}}],"collection":[{"href":"https:\/\/www.guaranda.gob.ec\/newsiteCMT\/wp-json\/wp\/v2\/posts"}],"about":[{"href":"https:\/\/www.guaranda.gob.ec\/newsiteCMT\/wp-json\/wp\/v2\/types\/post"}],"author":[{"embeddable":true,"href":"https:\/\/www.guaranda.gob.ec\/newsiteCMT\/wp-json\/wp\/v2\/users\/7"}],"replies":[{"embeddable":true,"href":"https:\/\/www.guaranda.gob.ec\/newsiteCMT\/wp-json\/wp\/v2\/comments?post=5987"}],"version-history":[{"count":1,"href":"https:\/\/www.guaranda.gob.ec\/newsiteCMT\/wp-json\/wp\/v2\/posts\/5987\/revisions"}],"predecessor-version":[{"id":5989,"href":"https:\/\/www.guaranda.gob.ec\/newsiteCMT\/wp-json\/wp\/v2\/posts\/5987\/revisions\/5989"}],"wp:featuredmedia":[{"embeddable":true,"href":"https:\/\/www.guaranda.gob.ec\/newsiteCMT\/wp-json\/wp\/v2\/media\/5988"}],"wp:attachment":[{"href":"https:\/\/www.guaranda.gob.ec\/newsiteCMT\/wp-json\/wp\/v2\/media?parent=5987"}],"wp:term":[{"taxonomy":"category","embeddable":true,"href":"https:\/\/www.guaranda.gob.ec\/newsiteCMT\/wp-json\/wp\/v2\/categories?post=5987"},{"taxonomy":"post_tag","embeddable":true,"href":"https:\/\/www.guaranda.gob.ec\/newsiteCMT\/wp-json\/wp\/v2\/tags?post=5987"}],"curies":[{"name":"wp","href":"https:\/\/api.w.org\/{rel}","templated":true}]}}