{"id":5984,"date":"2022-07-20T08:11:12","date_gmt":"2022-07-20T13:11:12","guid":{"rendered":"http:\/\/www.guaranda.gob.ec\/newsiteCMT\/?p=5984"},"modified":"2022-07-20T08:11:12","modified_gmt":"2022-07-20T13:11:12","slug":"el-municipio-de-guaranda-ejecuta-el-sellado-de-via-en-julio-moreno-previo-a-la-colocacion-de-asfalto","status":"publish","type":"post","link":"https:\/\/www.guaranda.gob.ec\/newsiteCMT\/el-municipio-de-guaranda-ejecuta-el-sellado-de-via-en-julio-moreno-previo-a-la-colocacion-de-asfalto\/","title":{"rendered":"EL MUNICIPIO DE GUARANDA EJECUTA EL SELLADO DE V\u00cdA EN JULIO MORENO PREVIO A LA COLOCACI\u00d3N DE ASFALTO"},"content":{"rendered":"<p>Debido al intenso invierno que afecta a toda la regi\u00f3n, los trabajos planificados para el asfaltado de las v\u00edas principales del casco urbano de Julio Moreno, se vieron retrasados, sin embargo, la maquinaria de la alcald\u00eda de Guaranda, durante la semana ejecut\u00f3 el sellado de las v\u00edas.<\/p>\n<p>La obra en ejecuci\u00f3n se encuentra en un 80% de avance, luego de que la alcald\u00eda realiz\u00f3 la rectificaci\u00f3n, mejoramiento de sub base y base, instalaci\u00f3n de bordillos, levantamiento de los pozos de alcantarillado y reubicaci\u00f3n de sumideros.<\/p>\n<p>Al momento y aprovechando el buen tiempo, personal t\u00e9cnico y la maquinaria del GAD Municipal de Guaranda concluye el sellado de las v\u00edas, para posteriormente realizar el tendido de la carpeta asf\u00e1ltica.<\/p>\n<p>\u201cEstamos empe\u00f1ados en\u00a0 mejorar la vialidad a nivel de carpeta asf\u00e1ltica\u00a0 en las principales v\u00edas del casco urbano de las parroquias, con la finalidad de contribuir al fomento productivo y la movilidad\u201d, mencion\u00f3 el alcalde Medardo Chimbolema.<\/p>\n","protected":false},"excerpt":{"rendered":"<p>Debido al intenso invierno que afecta a toda la regi\u00f3n, los trabajos planificados para el asfaltado de las v\u00edas principales del casco urbano de Julio Moreno, se vieron retrasados, sin embargo, la maquinaria de la alcald\u00eda de Guaranda, durante la semana ejecut\u00f3 el sellado de las v\u00edas. La obra en ejecuci\u00f3n se encuentra en un [&hellip;]<\/p>\n","protected":false},"author":7,"featured_media":5985,"comment_status":"closed","ping_status":"open","sticky":false,"template":"","format":"standard","meta":{"give_campaign_id":0,"_jetpack_memberships_contains_paid_content":false,"footnotes":""},"categories":[2],"tags":[],"class_list":["post-5984","post","type-post","status-publish","format-standard","has-post-thumbnail","hentry","category-noticias"],"jetpack_featured_media_url":"https:\/\/i0.wp.com\/www.guaranda.gob.ec\/newsiteCMT\/wp-content\/uploads\/2022\/07\/292244110_5247308488718145_5957638358993333631_n.jpeg?fit=1080%2C720&ssl=1","jetpack_shortlink":"https:\/\/wp.me\/p7CGGh-1yw","jetpack_sharing_enabled":true,"_links":{"self":[{"href":"https:\/\/www.guaranda.gob.ec\/newsiteCMT\/wp-json\/wp\/v2\/posts\/5984","targetHints":{"allow":["GET"]}}],"collection":[{"href":"https:\/\/www.guaranda.gob.ec\/newsiteCMT\/wp-json\/wp\/v2\/posts"}],"about":[{"href":"https:\/\/www.guaranda.gob.ec\/newsiteCMT\/wp-json\/wp\/v2\/types\/post"}],"author":[{"embeddable":true,"href":"https:\/\/www.guaranda.gob.ec\/newsiteCMT\/wp-json\/wp\/v2\/users\/7"}],"replies":[{"embeddable":true,"href":"https:\/\/www.guaranda.gob.ec\/newsiteCMT\/wp-json\/wp\/v2\/comments?post=5984"}],"version-history":[{"count":1,"href":"https:\/\/www.guaranda.gob.ec\/newsiteCMT\/wp-json\/wp\/v2\/posts\/5984\/revisions"}],"predecessor-version":[{"id":5986,"href":"https:\/\/www.guaranda.gob.ec\/newsiteCMT\/wp-json\/wp\/v2\/posts\/5984\/revisions\/5986"}],"wp:featuredmedia":[{"embeddable":true,"href":"https:\/\/www.guaranda.gob.ec\/newsiteCMT\/wp-json\/wp\/v2\/media\/5985"}],"wp:attachment":[{"href":"https:\/\/www.guaranda.gob.ec\/newsiteCMT\/wp-json\/wp\/v2\/media?parent=5984"}],"wp:term":[{"taxonomy":"category","embeddable":true,"href":"https:\/\/www.guaranda.gob.ec\/newsiteCMT\/wp-json\/wp\/v2\/categories?post=5984"},{"taxonomy":"post_tag","embeddable":true,"href":"https:\/\/www.guaranda.gob.ec\/newsiteCMT\/wp-json\/wp\/v2\/tags?post=5984"}],"curies":[{"name":"wp","href":"https:\/\/api.w.org\/{rel}","templated":true}]}}