{"id":5981,"date":"2022-07-20T08:09:18","date_gmt":"2022-07-20T13:09:18","guid":{"rendered":"http:\/\/www.guaranda.gob.ec\/newsiteCMT\/?p=5981"},"modified":"2022-07-20T08:09:18","modified_gmt":"2022-07-20T13:09:18","slug":"continuan-la-colocacion-de-senaletica-en-varios-sectores-de-guaranda","status":"publish","type":"post","link":"https:\/\/www.guaranda.gob.ec\/newsiteCMT\/continuan-la-colocacion-de-senaletica-en-varios-sectores-de-guaranda\/","title":{"rendered":"CONTIN\u00daAN LA COLOCACI\u00d3N DE SE\u00d1AL\u00c9TICA EN VARIOS SECTORES DE GUARANDA"},"content":{"rendered":"<p>Para facilitar la fluidez vehicular y evitar siniestros de tr\u00e1nsito, la Unidad Municipal de Tr\u00e1nsito, Transporte Terrestre y Seguridad Vial, realiz\u00f3 la colocaci\u00f3n de se\u00f1al\u00e9tica en el redondel de la Plaza del Carnaval, donde personal t\u00e9cnico de la Unidad instal\u00f3 dos islas de seguridad, con el prop\u00f3sito de facilitar la funcionalidad en el tr\u00e1fico.<\/p>\n<p>De igual manera, dos islas de seguridad se implementaron en Guanujo en la v\u00eda Progreso, empleando para ello delineadores tubulares, creando as\u00ed espacios seguros y transitables para el peat\u00f3n, evitando que los veh\u00edculos se estacionen e impidan la libre circulaci\u00f3n por el lugar.<\/p>\n<p>En algunos sectores de la ciudad, los trabajos que corresponden al Plan de Movilidad del cant\u00f3n Guaranda, se ejecutan en horas de noche donde la afluencia vehicular es m\u00ednima, lo que ayuda a instalar la se\u00f1alizaci\u00f3n.<\/p>\n<p>Estas acciones continuar\u00e1n en varios puntos del cant\u00f3n, con la misi\u00f3n de ofrecer seguridad vial a la ciudadan\u00eda, adem\u00e1s de mejorar la movilidad, as\u00ed lo manifest\u00f3 el Director de la Unidad de Tr\u00e1nsito, Alexander Garc\u00eda.<\/p>\n","protected":false},"excerpt":{"rendered":"<p>Para facilitar la fluidez vehicular y evitar siniestros de tr\u00e1nsito, la Unidad Municipal de Tr\u00e1nsito, Transporte Terrestre y Seguridad Vial, realiz\u00f3 la colocaci\u00f3n de se\u00f1al\u00e9tica en el redondel de la Plaza del Carnaval, donde personal t\u00e9cnico de la Unidad instal\u00f3 dos islas de seguridad, con el prop\u00f3sito de facilitar la funcionalidad en el tr\u00e1fico. De [&hellip;]<\/p>\n","protected":false},"author":7,"featured_media":5982,"comment_status":"closed","ping_status":"open","sticky":false,"template":"","format":"standard","meta":{"give_campaign_id":0,"_jetpack_memberships_contains_paid_content":false,"footnotes":""},"categories":[2],"tags":[],"class_list":["post-5981","post","type-post","status-publish","format-standard","has-post-thumbnail","hentry","category-noticias"],"jetpack_featured_media_url":"https:\/\/i0.wp.com\/www.guaranda.gob.ec\/newsiteCMT\/wp-content\/uploads\/2022\/07\/293583026_5247328055382855_2369560409181941703_n.jpeg?fit=909%2C606&ssl=1","jetpack_shortlink":"https:\/\/wp.me\/p7CGGh-1yt","jetpack_sharing_enabled":true,"_links":{"self":[{"href":"https:\/\/www.guaranda.gob.ec\/newsiteCMT\/wp-json\/wp\/v2\/posts\/5981","targetHints":{"allow":["GET"]}}],"collection":[{"href":"https:\/\/www.guaranda.gob.ec\/newsiteCMT\/wp-json\/wp\/v2\/posts"}],"about":[{"href":"https:\/\/www.guaranda.gob.ec\/newsiteCMT\/wp-json\/wp\/v2\/types\/post"}],"author":[{"embeddable":true,"href":"https:\/\/www.guaranda.gob.ec\/newsiteCMT\/wp-json\/wp\/v2\/users\/7"}],"replies":[{"embeddable":true,"href":"https:\/\/www.guaranda.gob.ec\/newsiteCMT\/wp-json\/wp\/v2\/comments?post=5981"}],"version-history":[{"count":1,"href":"https:\/\/www.guaranda.gob.ec\/newsiteCMT\/wp-json\/wp\/v2\/posts\/5981\/revisions"}],"predecessor-version":[{"id":5983,"href":"https:\/\/www.guaranda.gob.ec\/newsiteCMT\/wp-json\/wp\/v2\/posts\/5981\/revisions\/5983"}],"wp:featuredmedia":[{"embeddable":true,"href":"https:\/\/www.guaranda.gob.ec\/newsiteCMT\/wp-json\/wp\/v2\/media\/5982"}],"wp:attachment":[{"href":"https:\/\/www.guaranda.gob.ec\/newsiteCMT\/wp-json\/wp\/v2\/media?parent=5981"}],"wp:term":[{"taxonomy":"category","embeddable":true,"href":"https:\/\/www.guaranda.gob.ec\/newsiteCMT\/wp-json\/wp\/v2\/categories?post=5981"},{"taxonomy":"post_tag","embeddable":true,"href":"https:\/\/www.guaranda.gob.ec\/newsiteCMT\/wp-json\/wp\/v2\/tags?post=5981"}],"curies":[{"name":"wp","href":"https:\/\/api.w.org\/{rel}","templated":true}]}}