{"id":5978,"date":"2022-07-20T08:04:52","date_gmt":"2022-07-20T13:04:52","guid":{"rendered":"http:\/\/www.guaranda.gob.ec\/newsiteCMT\/?p=5978"},"modified":"2022-07-20T08:04:52","modified_gmt":"2022-07-20T13:04:52","slug":"alcaldia-de-guaranda-la-red-para-la-nutricion-infantil-y-plan-internacional-mantuvieron-reunion-de-trabajo","status":"publish","type":"post","link":"https:\/\/www.guaranda.gob.ec\/newsiteCMT\/alcaldia-de-guaranda-la-red-para-la-nutricion-infantil-y-plan-internacional-mantuvieron-reunion-de-trabajo\/","title":{"rendered":"ALCALD\u00cdA DE GUARANDA, LA RED PARA LA NUTRICI\u00d3N INFANTIL Y PLAN INTERNACIONAL MANTUVIERON REUNI\u00d3N DE TRABAJO"},"content":{"rendered":"<p>La primera autoridad del cant\u00f3n, Medardo Chimbolema, sostuvo una reuni\u00f3n de trabajo con los representantes de la Red para la Nutrici\u00f3n Infantil \u201cREDNI\u201d y Plan Internacional, con la finalidad de analizar los avances referentes al convenio del proyecto de apoyo a 200 madres gestantes, a quienes se les brindar\u00e1 asistencia alimentaria, controles de salud, capacitaci\u00f3n y consejer\u00eda nutricional durante 12 meses.<\/p>\n<p>El convenio tiene como prop\u00f3sito mitigar la desnutrici\u00f3n cr\u00f3nica infantil, y que de inicio se ejecutar\u00eda en Simiatug, y ampliar\u00e1 su cobertura a Salinas y Guanujo, donde beneficiar\u00e1 a mujeres embarazadas, ni\u00f1as y ni\u00f1os reci\u00e9n nacidos, los mismos que ser\u00e1n monitoreados a trav\u00e9s del sistema de georreferenciaci\u00f3n, para lo cual fue necesario un mapeo; adem\u00e1s el proyecto brindar\u00e1 acompa\u00f1amiento y sostenibilidad en el tiempo, raz\u00f3n por la que las alianzas estrat\u00e9gicas con actores locales, juega un rol importante.<\/p>\n<p>La propuesta tambi\u00e9n pretende trabajar en el programa denominado \u201cpaternidad compartida\u201d que busca involucrar a los padres en la crianza de los hijos. El proyecto integral es un piloto que procura integrar a Guaranda dentro del programa \u201ccantones inspiradores\u201d.<\/p>\n<p>\u201cHemos destinado recursos en los proyectos encaminados a dotar de alimentos con alta carga nutricional para erradicar la desnutrici\u00f3n cr\u00f3nica; estamos trabajando en la implementaci\u00f3n de sistemas de agua potable y saneamiento, que tambi\u00e9n contribuyen a mejorar los \u00edndices de desnutrici\u00f3n y la tasa de salubridad; el trabajo es amplio y permanente. Uno de nuestros logros es el proyecto \u201cNi\u00f1os con Futuro\u201d validado por el MSP\u201d, se\u00f1al\u00f3 el alcalde Medardo Chimbolema, quien\u00a0 agradeci\u00f3\u00a0 la voluntad para unir esfuerzos\u00a0 que aportan a lograr la meta.<\/p>\n","protected":false},"excerpt":{"rendered":"<p>La primera autoridad del cant\u00f3n, Medardo Chimbolema, sostuvo una reuni\u00f3n de trabajo con los representantes de la Red para la Nutrici\u00f3n Infantil \u201cREDNI\u201d y Plan Internacional, con la finalidad de analizar los avances referentes al convenio del proyecto de apoyo a 200 madres gestantes, a quienes se les brindar\u00e1 asistencia alimentaria, controles de salud, capacitaci\u00f3n [&hellip;]<\/p>\n","protected":false},"author":7,"featured_media":5979,"comment_status":"closed","ping_status":"open","sticky":false,"template":"","format":"standard","meta":{"give_campaign_id":0,"_jetpack_memberships_contains_paid_content":false,"footnotes":""},"categories":[2],"tags":[],"class_list":["post-5978","post","type-post","status-publish","format-standard","has-post-thumbnail","hentry","category-noticias"],"jetpack_featured_media_url":"https:\/\/i0.wp.com\/www.guaranda.gob.ec\/newsiteCMT\/wp-content\/uploads\/2022\/07\/PHOTO-2022-07-20-08-03-26.jpg?fit=1024%2C682&ssl=1","jetpack_shortlink":"https:\/\/wp.me\/p7CGGh-1yq","jetpack_sharing_enabled":true,"_links":{"self":[{"href":"https:\/\/www.guaranda.gob.ec\/newsiteCMT\/wp-json\/wp\/v2\/posts\/5978","targetHints":{"allow":["GET"]}}],"collection":[{"href":"https:\/\/www.guaranda.gob.ec\/newsiteCMT\/wp-json\/wp\/v2\/posts"}],"about":[{"href":"https:\/\/www.guaranda.gob.ec\/newsiteCMT\/wp-json\/wp\/v2\/types\/post"}],"author":[{"embeddable":true,"href":"https:\/\/www.guaranda.gob.ec\/newsiteCMT\/wp-json\/wp\/v2\/users\/7"}],"replies":[{"embeddable":true,"href":"https:\/\/www.guaranda.gob.ec\/newsiteCMT\/wp-json\/wp\/v2\/comments?post=5978"}],"version-history":[{"count":1,"href":"https:\/\/www.guaranda.gob.ec\/newsiteCMT\/wp-json\/wp\/v2\/posts\/5978\/revisions"}],"predecessor-version":[{"id":5980,"href":"https:\/\/www.guaranda.gob.ec\/newsiteCMT\/wp-json\/wp\/v2\/posts\/5978\/revisions\/5980"}],"wp:featuredmedia":[{"embeddable":true,"href":"https:\/\/www.guaranda.gob.ec\/newsiteCMT\/wp-json\/wp\/v2\/media\/5979"}],"wp:attachment":[{"href":"https:\/\/www.guaranda.gob.ec\/newsiteCMT\/wp-json\/wp\/v2\/media?parent=5978"}],"wp:term":[{"taxonomy":"category","embeddable":true,"href":"https:\/\/www.guaranda.gob.ec\/newsiteCMT\/wp-json\/wp\/v2\/categories?post=5978"},{"taxonomy":"post_tag","embeddable":true,"href":"https:\/\/www.guaranda.gob.ec\/newsiteCMT\/wp-json\/wp\/v2\/tags?post=5978"}],"curies":[{"name":"wp","href":"https:\/\/api.w.org\/{rel}","templated":true}]}}