{"id":5972,"date":"2022-07-20T07:57:51","date_gmt":"2022-07-20T12:57:51","guid":{"rendered":"http:\/\/www.guaranda.gob.ec\/newsiteCMT\/?p=5972"},"modified":"2022-07-20T07:57:51","modified_gmt":"2022-07-20T12:57:51","slug":"inicio-los-cursos-vacacionales-gratuitos-vive-el-verano","status":"publish","type":"post","link":"https:\/\/www.guaranda.gob.ec\/newsiteCMT\/inicio-los-cursos-vacacionales-gratuitos-vive-el-verano\/","title":{"rendered":"INICI\u00d3 LOS CURSOS VACACIONALES GRATUITOS  \u201cVIVE EL VERANO\u201d"},"content":{"rendered":"<p>La Alcald\u00eda de Guaranda inaugur\u00f3 el curso vacacional \u201cVive el Verano 2022\u201d; jornadas que se realizar\u00e1n durante dos meses, en 8 sectores de la ciudad como en las comunidades: Paltabamba, Casipamba, Quindigua Alto, Quivillungo, al igual que en los barrios Coloma Rom\u00e1n Sur, La Playa, Complejo Deportivo Galo Mi\u00f1o Jarr\u00edn y la Parroquia de Salinas.<\/p>\n<p>El curso vacacional inici\u00f3 en la ciudadela La Playa. Las disciplinas que se imparten son:\u00a0 f\u00fatbol, b\u00e1squet, dibujo, baile, m\u00fasica, cocina, gimnasia adem\u00e1s de los juegos tradicionales y los paseos tur\u00edsticos. La segunda jornada ser\u00e1 en Paltabamba, del 18 al 22 de julio.<\/p>\n<p>Los vacacionales tiene por objetivo brindar un espacio donde los ni\u00f1os ocupen de manera correcta su tiempo libre y se capaciten en actividades productivas durante su periodo de vacaciones<\/p>\n<p>El burgomaestre del cant\u00f3n, durante la inauguraci\u00f3n donde acudieron 60 peque\u00f1os y adolescentes inscritos en el vacacional, se\u00f1al\u00f3 que los talleres de cultura, arte y deporte sirven para mejorar las aptitudes, el talento y habilidades de nuestros ni\u00f1os; en ese sentido desde la alcald\u00eda se trabaja en el presente, con miras a brindar un mejor futuro a los ni\u00f1os guarande\u00f1os.<\/p>\n<p>Desde la Alcald\u00eda de Guaranda se hace la extensiva la invitaci\u00f3n a los j\u00f3venes entre 7 a 14 a\u00f1os a inscribirse en los talleres vacacionales gratuitos, los cuales se dictan en horario de 08h00 a 11h00. M\u00e1s informaci\u00f3n al 0958985886.\u00a0 Visite el cronograma completo en nuestra p\u00e1gina www.guaranda.gov.ec<\/p>\n","protected":false},"excerpt":{"rendered":"<p>La Alcald\u00eda de Guaranda inaugur\u00f3 el curso vacacional \u201cVive el Verano 2022\u201d; jornadas que se realizar\u00e1n durante dos meses, en 8 sectores de la ciudad como en las comunidades: Paltabamba, Casipamba, Quindigua Alto, Quivillungo, al igual que en los barrios Coloma Rom\u00e1n Sur, La Playa, Complejo Deportivo Galo Mi\u00f1o Jarr\u00edn y la Parroquia de Salinas. [&hellip;]<\/p>\n","protected":false},"author":7,"featured_media":5973,"comment_status":"closed","ping_status":"open","sticky":false,"template":"","format":"standard","meta":{"give_campaign_id":0,"_jetpack_memberships_contains_paid_content":false,"footnotes":""},"categories":[2],"tags":[],"class_list":["post-5972","post","type-post","status-publish","format-standard","has-post-thumbnail","hentry","category-noticias"],"jetpack_featured_media_url":"https:\/\/i0.wp.com\/www.guaranda.gob.ec\/newsiteCMT\/wp-content\/uploads\/2022\/07\/293310664_5240539109395083_550603190953518395_n.jpeg?fit=1200%2C800&ssl=1","jetpack_shortlink":"https:\/\/wp.me\/p7CGGh-1yk","jetpack_sharing_enabled":true,"_links":{"self":[{"href":"https:\/\/www.guaranda.gob.ec\/newsiteCMT\/wp-json\/wp\/v2\/posts\/5972","targetHints":{"allow":["GET"]}}],"collection":[{"href":"https:\/\/www.guaranda.gob.ec\/newsiteCMT\/wp-json\/wp\/v2\/posts"}],"about":[{"href":"https:\/\/www.guaranda.gob.ec\/newsiteCMT\/wp-json\/wp\/v2\/types\/post"}],"author":[{"embeddable":true,"href":"https:\/\/www.guaranda.gob.ec\/newsiteCMT\/wp-json\/wp\/v2\/users\/7"}],"replies":[{"embeddable":true,"href":"https:\/\/www.guaranda.gob.ec\/newsiteCMT\/wp-json\/wp\/v2\/comments?post=5972"}],"version-history":[{"count":1,"href":"https:\/\/www.guaranda.gob.ec\/newsiteCMT\/wp-json\/wp\/v2\/posts\/5972\/revisions"}],"predecessor-version":[{"id":5974,"href":"https:\/\/www.guaranda.gob.ec\/newsiteCMT\/wp-json\/wp\/v2\/posts\/5972\/revisions\/5974"}],"wp:featuredmedia":[{"embeddable":true,"href":"https:\/\/www.guaranda.gob.ec\/newsiteCMT\/wp-json\/wp\/v2\/media\/5973"}],"wp:attachment":[{"href":"https:\/\/www.guaranda.gob.ec\/newsiteCMT\/wp-json\/wp\/v2\/media?parent=5972"}],"wp:term":[{"taxonomy":"category","embeddable":true,"href":"https:\/\/www.guaranda.gob.ec\/newsiteCMT\/wp-json\/wp\/v2\/categories?post=5972"},{"taxonomy":"post_tag","embeddable":true,"href":"https:\/\/www.guaranda.gob.ec\/newsiteCMT\/wp-json\/wp\/v2\/tags?post=5972"}],"curies":[{"name":"wp","href":"https:\/\/api.w.org\/{rel}","templated":true}]}}