{"id":5963,"date":"2022-07-17T18:17:01","date_gmt":"2022-07-17T23:17:01","guid":{"rendered":"http:\/\/www.guaranda.gob.ec\/newsiteCMT\/?p=5963"},"modified":"2022-07-17T18:17:01","modified_gmt":"2022-07-17T23:17:01","slug":"comunicado-sesion-solemne-conmemorativa-por-el-centesimo-nonagesimo-octavo-aniversario-de-cantonizacion-de-guaranda","status":"publish","type":"post","link":"https:\/\/www.guaranda.gob.ec\/newsiteCMT\/comunicado-sesion-solemne-conmemorativa-por-el-centesimo-nonagesimo-octavo-aniversario-de-cantonizacion-de-guaranda\/","title":{"rendered":"Comunicado | Sesi\u00f3n Solemne Conmemorativa por el Cent\u00e9simo Nonag\u00e9simo Octavo Aniversario de Cantonizaci\u00f3n de Guaranda"},"content":{"rendered":"<p>Una vez superada la situaci\u00f3n que atraves\u00f3 el Pa\u00eds por la paralizaci\u00f3n nacional, el Gobierno Aut\u00f3nomo Descentralizado del Cant\u00f3n Guaranda, tiene como deber c\u00edvico exaltar la fecha hist\u00f3rica del 25 de Junio de 1824 y condecorar a los ciudadanos que han aportado al desarrollo y progreso de Guaranda; en ese sentido se va a realizar la Sesi\u00f3n Solemne Conmemorativa por el Cent\u00e9simo Nonag\u00e9simo Octavo Aniversario de Cantonizaci\u00f3n de Guaranda, el pr\u00f3ximo viernes 22 de julio del presente a\u00f1o, a las 11 horas en el ic\u00f3nico Teatro Municipal Nilo.<\/p>\n","protected":false},"excerpt":{"rendered":"<p>Una vez superada la situaci\u00f3n que atraves\u00f3 el Pa\u00eds por la paralizaci\u00f3n nacional, el Gobierno Aut\u00f3nomo Descentralizado del Cant\u00f3n Guaranda, tiene como deber c\u00edvico exaltar la fecha hist\u00f3rica del 25 de Junio de 1824 y condecorar a los ciudadanos que han aportado al desarrollo y progreso de Guaranda; en ese sentido se va a realizar [&hellip;]<\/p>\n","protected":false},"author":7,"featured_media":5964,"comment_status":"closed","ping_status":"open","sticky":false,"template":"","format":"standard","meta":{"give_campaign_id":0,"_jetpack_memberships_contains_paid_content":false,"footnotes":""},"categories":[2],"tags":[],"class_list":["post-5963","post","type-post","status-publish","format-standard","has-post-thumbnail","hentry","category-noticias"],"jetpack_featured_media_url":"https:\/\/i0.wp.com\/www.guaranda.gob.ec\/newsiteCMT\/wp-content\/uploads\/2022\/07\/Invitacion-Cantonizacio%CC%81n5.png?fit=1200%2C848&ssl=1","jetpack_shortlink":"https:\/\/wp.me\/p7CGGh-1yb","jetpack_sharing_enabled":true,"_links":{"self":[{"href":"https:\/\/www.guaranda.gob.ec\/newsiteCMT\/wp-json\/wp\/v2\/posts\/5963","targetHints":{"allow":["GET"]}}],"collection":[{"href":"https:\/\/www.guaranda.gob.ec\/newsiteCMT\/wp-json\/wp\/v2\/posts"}],"about":[{"href":"https:\/\/www.guaranda.gob.ec\/newsiteCMT\/wp-json\/wp\/v2\/types\/post"}],"author":[{"embeddable":true,"href":"https:\/\/www.guaranda.gob.ec\/newsiteCMT\/wp-json\/wp\/v2\/users\/7"}],"replies":[{"embeddable":true,"href":"https:\/\/www.guaranda.gob.ec\/newsiteCMT\/wp-json\/wp\/v2\/comments?post=5963"}],"version-history":[{"count":1,"href":"https:\/\/www.guaranda.gob.ec\/newsiteCMT\/wp-json\/wp\/v2\/posts\/5963\/revisions"}],"predecessor-version":[{"id":5965,"href":"https:\/\/www.guaranda.gob.ec\/newsiteCMT\/wp-json\/wp\/v2\/posts\/5963\/revisions\/5965"}],"wp:featuredmedia":[{"embeddable":true,"href":"https:\/\/www.guaranda.gob.ec\/newsiteCMT\/wp-json\/wp\/v2\/media\/5964"}],"wp:attachment":[{"href":"https:\/\/www.guaranda.gob.ec\/newsiteCMT\/wp-json\/wp\/v2\/media?parent=5963"}],"wp:term":[{"taxonomy":"category","embeddable":true,"href":"https:\/\/www.guaranda.gob.ec\/newsiteCMT\/wp-json\/wp\/v2\/categories?post=5963"},{"taxonomy":"post_tag","embeddable":true,"href":"https:\/\/www.guaranda.gob.ec\/newsiteCMT\/wp-json\/wp\/v2\/tags?post=5963"}],"curies":[{"name":"wp","href":"https:\/\/api.w.org\/{rel}","templated":true}]}}