{"id":5947,"date":"2022-07-13T19:34:27","date_gmt":"2022-07-14T00:34:27","guid":{"rendered":"http:\/\/www.guaranda.gob.ec\/newsiteCMT\/?p=5947"},"modified":"2022-07-13T20:51:49","modified_gmt":"2022-07-14T01:51:49","slug":"area-de-proteccion-hidrica-simiatug-nueva-aph-del-canton-guaranda","status":"publish","type":"post","link":"https:\/\/www.guaranda.gob.ec\/newsiteCMT\/area-de-proteccion-hidrica-simiatug-nueva-aph-del-canton-guaranda\/","title":{"rendered":"\u00c1rea de Protecci\u00f3n H\u00eddrica Simiatug, nueva APH del cant\u00f3n Guaranda"},"content":{"rendered":"<p>Luego de un proceso participativo y de socializaci\u00f3n con 11 comunidades de la parroquia Simiatug, se lider\u00f3 la creaci\u00f3n del corredor biol\u00f3gico para la preservaci\u00f3n de ecosistemas y del recurso agua.<\/p>\n<p>En ese sentido, se realiz\u00f3 la Declaratoria Comunitaria de \u00c1rea de Protecci\u00f3n H\u00eddrica de Conservaci\u00f3n del P\u00e1ramo Simiatug, de 3.994,45 hect\u00e1reas y con 9.731 beneficiarios directos (por autorizaciones).<\/p>\n<p>En el evento estuvo presente el alcalde, Medardo Chimbolema, junto a la Agregada de Cooperaci\u00f3n de la Uni\u00f3n Europea en Ecuador, Maddalena Masucci; Padre Carlos Solarte; cabildo de la comuna Chiquizungo, Manuel Talahua; Concejales de Guaranda; presidente del GADP de Simiatug; y directores del MAATE y MAG.<\/p>\n<p><img data-recalc-dims=\"1\" fetchpriority=\"high\" decoding=\"async\" class=\"aligncenter size-full wp-image-5951\" src=\"https:\/\/i0.wp.com\/www.guaranda.gob.ec\/newsiteCMT\/wp-content\/uploads\/2022\/07\/1312228538859877446_IMG_0314.jpg?resize=770%2C513&#038;ssl=1\" alt=\"\u00c1rea de Protecci\u00f3n H\u00eddrica Simiatug, nueva APH del cant\u00f3n Guaranda\" width=\"770\" height=\"513\" srcset=\"https:\/\/i0.wp.com\/www.guaranda.gob.ec\/newsiteCMT\/wp-content\/uploads\/2022\/07\/1312228538859877446_IMG_0314.jpg?w=1200&amp;ssl=1 1200w, https:\/\/i0.wp.com\/www.guaranda.gob.ec\/newsiteCMT\/wp-content\/uploads\/2022\/07\/1312228538859877446_IMG_0314.jpg?resize=300%2C200&amp;ssl=1 300w, https:\/\/i0.wp.com\/www.guaranda.gob.ec\/newsiteCMT\/wp-content\/uploads\/2022\/07\/1312228538859877446_IMG_0314.jpg?resize=1024%2C683&amp;ssl=1 1024w\" sizes=\"(max-width: 770px) 100vw, 770px\" \/><\/p>\n<p><img data-recalc-dims=\"1\" decoding=\"async\" class=\"aligncenter size-full wp-image-5948\" src=\"https:\/\/i0.wp.com\/www.guaranda.gob.ec\/newsiteCMT\/wp-content\/uploads\/2022\/07\/mapa-APH-Simiatug.png?resize=770%2C513&#038;ssl=1\" alt=\"\u00c1rea de Protecci\u00f3n H\u00eddrica Simiatug, nueva APH del cant\u00f3n Guaranda\" width=\"770\" height=\"513\" srcset=\"https:\/\/i0.wp.com\/www.guaranda.gob.ec\/newsiteCMT\/wp-content\/uploads\/2022\/07\/mapa-APH-Simiatug.png?w=1200&amp;ssl=1 1200w, https:\/\/i0.wp.com\/www.guaranda.gob.ec\/newsiteCMT\/wp-content\/uploads\/2022\/07\/mapa-APH-Simiatug.png?resize=300%2C200&amp;ssl=1 300w, https:\/\/i0.wp.com\/www.guaranda.gob.ec\/newsiteCMT\/wp-content\/uploads\/2022\/07\/mapa-APH-Simiatug.png?resize=1024%2C683&amp;ssl=1 1024w, https:\/\/i0.wp.com\/www.guaranda.gob.ec\/newsiteCMT\/wp-content\/uploads\/2022\/07\/mapa-APH-Simiatug.png?resize=600%2C400&amp;ssl=1 600w\" sizes=\"(max-width: 770px) 100vw, 770px\" \/><\/p>\n<p>Las comunidades Boliche, Cutahua, Llullimunllo, P\u00edmbalo, Laihua Kuri\u00f1an, Laihua, Chiquizungo, Cruz de Ventanas, Gerrana, Tingo, Cocha Colorada y Rayopamba, dentro del proyecto \u201cFortaleciendo las capacidades de las comunidades ind\u00edgenas y de las instituciones locales, para mejorar la gesti\u00f3n del recurso agua, el uso y protecci\u00f3n sostenible del p\u00e1ramo y la seguridad alimentaria, desde un empoderamiento femenino\u201d, trabajan en la sensibilizaci\u00f3n de la importancia del manejo de las fuentes y zonas de recarga h\u00eddrica, provisi\u00f3n de agua y preservaci\u00f3n del ecosistema.<\/p>\n<p>Se lider\u00f3 la creaci\u00f3n del corredor biol\u00f3gico gracias al trabajo mancomunado con la Comunidad Econ\u00f3mica Europea, Fundaci\u00f3n Promoci\u00f3n Humana, Fundaci\u00f3n J\u00f3venes y Desarrollo, Universidad Estatal de Bol\u00edvar, Juntas Parroquiales de Salinas y Simiatug, y el Municipio de Guaranda.<\/p>\n<p>La \u00c1rea de Protecci\u00f3n H\u00eddrica de Conservaci\u00f3n de P\u00e1ramo Simiatug se suma a la APH Quinllunga de 556.58 ha, estableciendo formalmente el \u00e1rea del corredor biol\u00f3gico a proteger.<\/p>\n<p>La Alcald\u00eda de Guaranda, promueve acciones para la conservaci\u00f3n y uso sostenible del p\u00e1ramo.<\/p>\n","protected":false},"excerpt":{"rendered":"<p>Luego de un proceso participativo y de socializaci\u00f3n con 11 comunidades de la parroquia Simiatug, se lider\u00f3 la creaci\u00f3n del corredor biol\u00f3gico para la preservaci\u00f3n de ecosistemas y del recurso agua. En ese sentido, se realiz\u00f3 la Declaratoria Comunitaria de \u00c1rea de Protecci\u00f3n H\u00eddrica de Conservaci\u00f3n del P\u00e1ramo Simiatug, de 3.994,45 hect\u00e1reas y con 9.731 [&hellip;]<\/p>\n","protected":false},"author":7,"featured_media":5949,"comment_status":"closed","ping_status":"open","sticky":false,"template":"","format":"standard","meta":{"give_campaign_id":0,"_jetpack_memberships_contains_paid_content":false,"footnotes":""},"categories":[2],"tags":[],"class_list":["post-5947","post","type-post","status-publish","format-standard","has-post-thumbnail","hentry","category-noticias"],"jetpack_featured_media_url":"https:\/\/i0.wp.com\/www.guaranda.gob.ec\/newsiteCMT\/wp-content\/uploads\/2022\/07\/APH-Simiatug.png?fit=1200%2C800&ssl=1","jetpack_shortlink":"https:\/\/wp.me\/p7CGGh-1xV","jetpack_sharing_enabled":true,"_links":{"self":[{"href":"https:\/\/www.guaranda.gob.ec\/newsiteCMT\/wp-json\/wp\/v2\/posts\/5947","targetHints":{"allow":["GET"]}}],"collection":[{"href":"https:\/\/www.guaranda.gob.ec\/newsiteCMT\/wp-json\/wp\/v2\/posts"}],"about":[{"href":"https:\/\/www.guaranda.gob.ec\/newsiteCMT\/wp-json\/wp\/v2\/types\/post"}],"author":[{"embeddable":true,"href":"https:\/\/www.guaranda.gob.ec\/newsiteCMT\/wp-json\/wp\/v2\/users\/7"}],"replies":[{"embeddable":true,"href":"https:\/\/www.guaranda.gob.ec\/newsiteCMT\/wp-json\/wp\/v2\/comments?post=5947"}],"version-history":[{"count":5,"href":"https:\/\/www.guaranda.gob.ec\/newsiteCMT\/wp-json\/wp\/v2\/posts\/5947\/revisions"}],"predecessor-version":[{"id":5962,"href":"https:\/\/www.guaranda.gob.ec\/newsiteCMT\/wp-json\/wp\/v2\/posts\/5947\/revisions\/5962"}],"wp:featuredmedia":[{"embeddable":true,"href":"https:\/\/www.guaranda.gob.ec\/newsiteCMT\/wp-json\/wp\/v2\/media\/5949"}],"wp:attachment":[{"href":"https:\/\/www.guaranda.gob.ec\/newsiteCMT\/wp-json\/wp\/v2\/media?parent=5947"}],"wp:term":[{"taxonomy":"category","embeddable":true,"href":"https:\/\/www.guaranda.gob.ec\/newsiteCMT\/wp-json\/wp\/v2\/categories?post=5947"},{"taxonomy":"post_tag","embeddable":true,"href":"https:\/\/www.guaranda.gob.ec\/newsiteCMT\/wp-json\/wp\/v2\/tags?post=5947"}],"curies":[{"name":"wp","href":"https:\/\/api.w.org\/{rel}","templated":true}]}}