{"id":5933,"date":"2022-07-10T22:06:35","date_gmt":"2022-07-11T03:06:35","guid":{"rendered":"http:\/\/www.guaranda.gob.ec\/newsiteCMT\/?p=5933"},"modified":"2022-07-10T22:29:59","modified_gmt":"2022-07-11T03:29:59","slug":"alcalde-de-guaranda-junto-a-medios-de-comunicacion-visito-el-nuevo-centro-de-aprovechamiento-de-residuos-solidos","status":"publish","type":"post","link":"https:\/\/www.guaranda.gob.ec\/newsiteCMT\/alcalde-de-guaranda-junto-a-medios-de-comunicacion-visito-el-nuevo-centro-de-aprovechamiento-de-residuos-solidos\/","title":{"rendered":"El Alcalde de Guaranda junto a medios de comunicaci\u00f3n, visitaron el nuevo Centro de Aprovechamiento de Residuos S\u00f3lidos"},"content":{"rendered":"<p>El nuevo Centro de Aprovechamiento de Residuos S\u00f3lidos de Guaranda recibi\u00f3 la visita de medios de comunicaci\u00f3n que en compa\u00f1\u00eda del alcalde Medardo Chimbolema, concejales del cant\u00f3n, autoridades del GAD Salinas y Julio Moreno, estudiantes y docentes de la Universidad de Bol\u00edvar, as\u00ed como presidentes de barrios y ciudadelas de la ciudad, recorrieron el centro en construcci\u00f3n.<\/p>\n<p>El objetivo de la visita fue dar a conocer detalles de la obra que se encuentra en la primera etapa, y que se proyecta como una de las obras m\u00e1s prioritarias del cant\u00f3n, pues durante m\u00e1s de 30 a\u00f1os, la basura ha sido un grave problema para Guaranda, siendo un desaf\u00edo para la actual administraci\u00f3n, que ha tomado la decisi\u00f3n de implementar el centro integral de desechos con una inversi\u00f3n de $439.307,71 d\u00f3lares, el mismo que se construye en un \u00e1rea de 13.31 hect\u00e1reas.<\/p>\n<p><img data-recalc-dims=\"1\" fetchpriority=\"high\" decoding=\"async\" class=\"aligncenter size-full wp-image-5935\" src=\"https:\/\/i0.wp.com\/www.guaranda.gob.ec\/newsiteCMT\/wp-content\/uploads\/2022\/07\/ALCALDE-DE-GUARANDA-JUNTO-A-MEDIOS-DE-COMUNICACIO%CC%81N-VISITO%CC%81-EL-NUEVO-CENTRO-DE-APROVECHAMIENTO-DE-RESIDUOS-SO%CC%81LIDOS.png?resize=770%2C431&#038;ssl=1\" alt=\"ALCALDE DE GUARANDA JUNTO A MEDIOS DE COMUNICACI\u00d3N, VISIT\u00d3 EL NUEVO CENTRO DE APROVECHAMIENTO DE RESIDUOS S\u00d3LIDOS.\" width=\"770\" height=\"431\" srcset=\"https:\/\/i0.wp.com\/www.guaranda.gob.ec\/newsiteCMT\/wp-content\/uploads\/2022\/07\/ALCALDE-DE-GUARANDA-JUNTO-A-MEDIOS-DE-COMUNICACIO%CC%81N-VISITO%CC%81-EL-NUEVO-CENTRO-DE-APROVECHAMIENTO-DE-RESIDUOS-SO%CC%81LIDOS.png?w=1200&amp;ssl=1 1200w, https:\/\/i0.wp.com\/www.guaranda.gob.ec\/newsiteCMT\/wp-content\/uploads\/2022\/07\/ALCALDE-DE-GUARANDA-JUNTO-A-MEDIOS-DE-COMUNICACIO%CC%81N-VISITO%CC%81-EL-NUEVO-CENTRO-DE-APROVECHAMIENTO-DE-RESIDUOS-SO%CC%81LIDOS.png?resize=300%2C168&amp;ssl=1 300w, https:\/\/i0.wp.com\/www.guaranda.gob.ec\/newsiteCMT\/wp-content\/uploads\/2022\/07\/ALCALDE-DE-GUARANDA-JUNTO-A-MEDIOS-DE-COMUNICACIO%CC%81N-VISITO%CC%81-EL-NUEVO-CENTRO-DE-APROVECHAMIENTO-DE-RESIDUOS-SO%CC%81LIDOS.png?resize=1024%2C573&amp;ssl=1 1024w\" sizes=\"(max-width: 770px) 100vw, 770px\" \/><\/p>\n<p>Los detalles que comprenden los componentes de la primera fase del relleno, son:<\/p>\n<ul>\n<li>Planta de separaci\u00f3n<\/li>\n<li>Planta de tratamiento de org\u00e1nicos por compostaje<\/li>\n<li>Relleno sanitario: Plataforma 1 \/ Dique<\/li>\n<li>Drenaje de lixiviados<\/li>\n<li>Chimeneas<\/li>\n<li>Laguna de lixiviados<\/li>\n<li>Sedimentador<\/li>\n<li>Garita y pesaje (administrativa)<\/li>\n<li>Cisterna<\/li>\n<\/ul>\n<p>Al momento el equipo caminero del Municipio de Guaranda, realiza la conformaci\u00f3n de 1.5 kil\u00f3metros de la v\u00eda principal de ingreso, mientras que la maquinaria del contratista EDMALY S.A. realiza la construcci\u00f3n de la laguna y red de drenaje de lixiviados de la Plataforma 1 (Relleno sanitario); la meta es concluir la primera etapa para finales del mes de agosto, y una vez obtenida la autorizaci\u00f3n del MAE, entrar en funcionamiento.<\/p>\n<p>La primera autoridad del cant\u00f3n refiri\u00f3 la urgencia de ejecutar esta obra que ayudar\u00e1 a generar empleo, fortalecer\u00e1 la cultura del reciclaje, transformar\u00e1 la basura mediante un aprovechamiento racional y posicionar\u00e1 a Guaranda como un referente en cuanto al manejo, tratamiento y disposici\u00f3n final de residuos.<\/p>\n","protected":false},"excerpt":{"rendered":"<p>El nuevo Centro de Aprovechamiento de Residuos S\u00f3lidos de Guaranda recibi\u00f3 la visita de medios de comunicaci\u00f3n que en compa\u00f1\u00eda del alcalde Medardo Chimbolema, concejales del cant\u00f3n, autoridades del GAD Salinas y Julio Moreno, estudiantes y docentes de la Universidad de Bol\u00edvar, as\u00ed como presidentes de barrios y ciudadelas de la ciudad, recorrieron el centro [&hellip;]<\/p>\n","protected":false},"author":7,"featured_media":5934,"comment_status":"closed","ping_status":"open","sticky":false,"template":"","format":"standard","meta":{"give_campaign_id":0,"_jetpack_memberships_contains_paid_content":false,"footnotes":""},"categories":[2],"tags":[],"class_list":["post-5933","post","type-post","status-publish","format-standard","has-post-thumbnail","hentry","category-noticias"],"jetpack_featured_media_url":"https:\/\/i0.wp.com\/www.guaranda.gob.ec\/newsiteCMT\/wp-content\/uploads\/2022\/07\/Captura-de-pantalla-2022-07-10-a-las-22.01.41.png?fit=1200%2C673&ssl=1","jetpack_shortlink":"https:\/\/wp.me\/p7CGGh-1xH","jetpack_sharing_enabled":true,"_links":{"self":[{"href":"https:\/\/www.guaranda.gob.ec\/newsiteCMT\/wp-json\/wp\/v2\/posts\/5933","targetHints":{"allow":["GET"]}}],"collection":[{"href":"https:\/\/www.guaranda.gob.ec\/newsiteCMT\/wp-json\/wp\/v2\/posts"}],"about":[{"href":"https:\/\/www.guaranda.gob.ec\/newsiteCMT\/wp-json\/wp\/v2\/types\/post"}],"author":[{"embeddable":true,"href":"https:\/\/www.guaranda.gob.ec\/newsiteCMT\/wp-json\/wp\/v2\/users\/7"}],"replies":[{"embeddable":true,"href":"https:\/\/www.guaranda.gob.ec\/newsiteCMT\/wp-json\/wp\/v2\/comments?post=5933"}],"version-history":[{"count":5,"href":"https:\/\/www.guaranda.gob.ec\/newsiteCMT\/wp-json\/wp\/v2\/posts\/5933\/revisions"}],"predecessor-version":[{"id":5945,"href":"https:\/\/www.guaranda.gob.ec\/newsiteCMT\/wp-json\/wp\/v2\/posts\/5933\/revisions\/5945"}],"wp:featuredmedia":[{"embeddable":true,"href":"https:\/\/www.guaranda.gob.ec\/newsiteCMT\/wp-json\/wp\/v2\/media\/5934"}],"wp:attachment":[{"href":"https:\/\/www.guaranda.gob.ec\/newsiteCMT\/wp-json\/wp\/v2\/media?parent=5933"}],"wp:term":[{"taxonomy":"category","embeddable":true,"href":"https:\/\/www.guaranda.gob.ec\/newsiteCMT\/wp-json\/wp\/v2\/categories?post=5933"},{"taxonomy":"post_tag","embeddable":true,"href":"https:\/\/www.guaranda.gob.ec\/newsiteCMT\/wp-json\/wp\/v2\/tags?post=5933"}],"curies":[{"name":"wp","href":"https:\/\/api.w.org\/{rel}","templated":true}]}}