{"id":5909,"date":"2022-06-17T15:49:40","date_gmt":"2022-06-17T20:49:40","guid":{"rendered":"http:\/\/www.guaranda.gob.ec\/newsiteCMT\/?p=5909"},"modified":"2022-06-17T15:49:40","modified_gmt":"2022-06-17T20:49:40","slug":"ganadores-del-concurso-fotografico-oficios-de-guaranda","status":"publish","type":"post","link":"https:\/\/www.guaranda.gob.ec\/newsiteCMT\/ganadores-del-concurso-fotografico-oficios-de-guaranda\/","title":{"rendered":"Ganadores del concurso fotogr\u00e1fico \u201cOficios de Guaranda\u201d"},"content":{"rendered":"<div class=\"kvgmc6g5 cxmmr5t8 oygrvhab hcukyx3x c1et5uql ii04i59q\">\n<div dir=\"auto\">La Alcald\u00eda de Guaranda, realiz\u00f3 el concurso fotogr\u00e1fico para conocer, resaltar y visualizar los \u201cOficios de Guaranda\u201d, plasmados de manera especi\u0301fica en el retrato documental. El evento tuvo la acogida de ma\u0301s de 30 participantes.<\/div>\n<div dir=\"auto\"><\/div>\n<\/div>\n<div class=\"cxmmr5t8 oygrvhab hcukyx3x c1et5uql o9v6fnle ii04i59q\">\n<div dir=\"auto\">Los ganadores de los premios del concurso, son:<\/div>\n<div dir=\"auto\">1.- Jaime Venegas &#8211; Reloj de arena<\/div>\n<div dir=\"auto\">2.- Jhonathan Ismael Vega &#8211; Hilandera de los pa\u0301ramos<\/div>\n<div dir=\"auto\">3.- Erika Duche Manobanda &#8211; Escultor de hojalater\u00eda<\/div>\n<div dir=\"auto\">4.- Karolina Solano &#8211; Rodita y el canasto del p\u00e1ramo<\/div>\n<div dir=\"auto\"><\/div>\n<\/div>\n<div class=\"cxmmr5t8 oygrvhab hcukyx3x c1et5uql o9v6fnle ii04i59q\">\n<div dir=\"auto\">El jurado estuvo integrado por Juan Carlos Bayas y Juan Diego Montenegro.<\/div>\n<\/div>\n<div class=\"cxmmr5t8 oygrvhab hcukyx3x c1et5uql o9v6fnle ii04i59q\">\n<div dir=\"auto\">Las mejores 50 ima\u0301genes del concurso debi\u0301an ser expuestas desde este 15 de junio, pero por motivos de conocimiento nacional, se posterga para otra fecha.<\/div>\n<div dir=\"auto\"><\/div>\n<div dir=\"auto\">Mientras que la premiaci\u00f3n se aspira efectuar en la Sesi\u00f3n Conmemorativa del 25 de Junio.<\/div>\n<\/div>\n","protected":false},"excerpt":{"rendered":"<p>La Alcald\u00eda de Guaranda, realiz\u00f3 el concurso fotogr\u00e1fico para conocer, resaltar y visualizar los \u201cOficios de Guaranda\u201d, plasmados de manera especi\u0301fica en el retrato documental. El evento tuvo la acogida de ma\u0301s de 30 participantes. Los ganadores de los premios del concurso, son: 1.- Jaime Venegas &#8211; Reloj de arena 2.- Jhonathan Ismael Vega &#8211; [&hellip;]<\/p>\n","protected":false},"author":7,"featured_media":5910,"comment_status":"closed","ping_status":"open","sticky":false,"template":"","format":"standard","meta":{"give_campaign_id":0,"_jetpack_memberships_contains_paid_content":false,"footnotes":""},"categories":[2],"tags":[],"class_list":["post-5909","post","type-post","status-publish","format-standard","has-post-thumbnail","hentry","category-noticias"],"jetpack_featured_media_url":"https:\/\/i0.wp.com\/www.guaranda.gob.ec\/newsiteCMT\/wp-content\/uploads\/2022\/06\/288473397_5168819243233737_1277248117369420440_n.png?fit=1200%2C800&ssl=1","jetpack_shortlink":"https:\/\/wp.me\/p7CGGh-1xj","jetpack_sharing_enabled":true,"_links":{"self":[{"href":"https:\/\/www.guaranda.gob.ec\/newsiteCMT\/wp-json\/wp\/v2\/posts\/5909","targetHints":{"allow":["GET"]}}],"collection":[{"href":"https:\/\/www.guaranda.gob.ec\/newsiteCMT\/wp-json\/wp\/v2\/posts"}],"about":[{"href":"https:\/\/www.guaranda.gob.ec\/newsiteCMT\/wp-json\/wp\/v2\/types\/post"}],"author":[{"embeddable":true,"href":"https:\/\/www.guaranda.gob.ec\/newsiteCMT\/wp-json\/wp\/v2\/users\/7"}],"replies":[{"embeddable":true,"href":"https:\/\/www.guaranda.gob.ec\/newsiteCMT\/wp-json\/wp\/v2\/comments?post=5909"}],"version-history":[{"count":1,"href":"https:\/\/www.guaranda.gob.ec\/newsiteCMT\/wp-json\/wp\/v2\/posts\/5909\/revisions"}],"predecessor-version":[{"id":5911,"href":"https:\/\/www.guaranda.gob.ec\/newsiteCMT\/wp-json\/wp\/v2\/posts\/5909\/revisions\/5911"}],"wp:featuredmedia":[{"embeddable":true,"href":"https:\/\/www.guaranda.gob.ec\/newsiteCMT\/wp-json\/wp\/v2\/media\/5910"}],"wp:attachment":[{"href":"https:\/\/www.guaranda.gob.ec\/newsiteCMT\/wp-json\/wp\/v2\/media?parent=5909"}],"wp:term":[{"taxonomy":"category","embeddable":true,"href":"https:\/\/www.guaranda.gob.ec\/newsiteCMT\/wp-json\/wp\/v2\/categories?post=5909"},{"taxonomy":"post_tag","embeddable":true,"href":"https:\/\/www.guaranda.gob.ec\/newsiteCMT\/wp-json\/wp\/v2\/tags?post=5909"}],"curies":[{"name":"wp","href":"https:\/\/api.w.org\/{rel}","templated":true}]}}