{"id":5906,"date":"2022-06-17T11:26:14","date_gmt":"2022-06-17T16:26:14","guid":{"rendered":"http:\/\/www.guaranda.gob.ec\/newsiteCMT\/?p=5906"},"modified":"2022-06-17T11:26:14","modified_gmt":"2022-06-17T16:26:14","slug":"proceso-de-contratacion-del-servicio-externalizado-de-alimentacion-2022","status":"publish","type":"post","link":"https:\/\/www.guaranda.gob.ec\/newsiteCMT\/proceso-de-contratacion-del-servicio-externalizado-de-alimentacion-2022\/","title":{"rendered":"Proceso de Contrataci\u00f3n del Servicio Externalizado de Alimentaci\u00f3n 2022"},"content":{"rendered":"<div class=\"kvgmc6g5 cxmmr5t8 oygrvhab hcukyx3x c1et5uql ii04i59q\">\n<div dir=\"auto\">La Alcald\u00eda de Guaranda invita a la ciudadan\u00eda en general a participar en el Proceso de Contrataci\u00f3n del Servicio Externalizado de Alimentaci\u00f3n para 32 Centros de Desarrollo Infantil de las siete parroquias del cant\u00f3n Guaranda, a favor de 1070 usuarios, contemplado en la Resoluci\u00f3n N.\u00ba FI-GADCG-002-2022-001.<\/div>\n<div dir=\"auto\"><\/div>\n<\/div>\n<div class=\"cxmmr5t8 oygrvhab hcukyx3x c1et5uql o9v6fnle ii04i59q\">\n<div dir=\"auto\">El proceso de contrataci\u00f3n del servicio externalizado de alimentaci\u00f3n se realiza bajo el Convenio de Cooperaci\u00f3n T\u00e9cnico Econ\u00f3mica N.\u00ba DI-05-02D01-15129-D, suscrito entre el Ministerio de Inclusi\u00f3n Econ\u00f3mica y Social &#8211; MIES y Gobierno Aut\u00f3nomo Descentralizado del Cant\u00f3n Guaranda, para la implementaci\u00f3n de Servicios de Desarrollo Infantil Integral (CDI).<\/div>\n<div dir=\"auto\"><\/div>\n<\/div>\n<div class=\"cxmmr5t8 oygrvhab hcukyx3x c1et5uql o9v6fnle ii04i59q\">\n<div dir=\"auto\">Postulaciones y m\u00e1s informaci\u00f3n:<\/div>\n<div dir=\"auto\"><a class=\"oajrlxb2 g5ia77u1 qu0x051f esr5mh6w e9989ue4 r7d6kgcz rq0escxv nhd2j8a9 nc684nl6 p7hjln8o kvgmc6g5 cxmmr5t8 oygrvhab hcukyx3x jb3vyjys rz4wbd8a qt6c0cv9 a8nywdso i1ao9s8h esuyzwwr f1sip0of lzcic4wl gpro0wi8 py34i1dx\" tabindex=\"0\" role=\"link\" href=\"http:\/\/www.compraspublicas.gob.ec\/?fbclid=IwAR1cI600UuPkIAlHA3bdPuc5e42AdGvE0L7Tm7qnQzhTFcOLFrOPPFs_aAI\" target=\"_blank\" rel=\"nofollow noopener noreferrer\">www.compraspublicas.gob.ec<\/a><\/div>\n<\/div>\n<div class=\"cxmmr5t8 oygrvhab hcukyx3x c1et5uql o9v6fnle ii04i59q\">\n<div dir=\"auto\"><\/div>\n<div dir=\"auto\">Medardo Chimbolema Alcalde<\/div>\n<div dir=\"auto\"><a class=\"oajrlxb2 g5ia77u1 qu0x051f esr5mh6w e9989ue4 r7d6kgcz rq0escxv nhd2j8a9 nc684nl6 p7hjln8o kvgmc6g5 cxmmr5t8 oygrvhab hcukyx3x jb3vyjys rz4wbd8a qt6c0cv9 a8nywdso i1ao9s8h esuyzwwr f1sip0of lzcic4wl gpro0wi8 q66pz984 b1v8xokw\" tabindex=\"0\" role=\"link\" href=\"https:\/\/www.facebook.com\/hashtag\/porguarandayomesumo?__eep__=6&amp;__cft__[0]=AZWLmM_g2k7yvxI4SNJ7P18qlTevPYh02u-mIvSTeSq3PZt-HXigJjmPQcdlxGcaIQ1_jRrEyXmZUTNxvXkl6hZRBQTa7FUBLkOh9Il_6QnHBhiOP9drLYoD1dSkvKmLee6rsdnWYc3Hyv5Me68IBt21_J-tvrnkrHdfjcEx1PMMPQ&amp;__tn__=*NK-R\">#PorGuarandaYoMeSumo<\/a><\/div>\n<div dir=\"auto\"><a class=\"oajrlxb2 g5ia77u1 qu0x051f esr5mh6w e9989ue4 r7d6kgcz rq0escxv nhd2j8a9 nc684nl6 p7hjln8o kvgmc6g5 cxmmr5t8 oygrvhab hcukyx3x jb3vyjys rz4wbd8a qt6c0cv9 a8nywdso i1ao9s8h esuyzwwr f1sip0of lzcic4wl gpro0wi8 q66pz984 b1v8xokw\" tabindex=\"0\" role=\"link\" href=\"https:\/\/www.facebook.com\/hashtag\/cumplimosloqueofrecimos?__eep__=6&amp;__cft__[0]=AZWLmM_g2k7yvxI4SNJ7P18qlTevPYh02u-mIvSTeSq3PZt-HXigJjmPQcdlxGcaIQ1_jRrEyXmZUTNxvXkl6hZRBQTa7FUBLkOh9Il_6QnHBhiOP9drLYoD1dSkvKmLee6rsdnWYc3Hyv5Me68IBt21_J-tvrnkrHdfjcEx1PMMPQ&amp;__tn__=*NK-R\">#CumplimosLoQueOfrecimos<\/a><\/div>\n<\/div>\n","protected":false},"excerpt":{"rendered":"<p>La Alcald\u00eda de Guaranda invita a la ciudadan\u00eda en general a participar en el Proceso de Contrataci\u00f3n del Servicio Externalizado de Alimentaci\u00f3n para 32 Centros de Desarrollo Infantil de las siete parroquias del cant\u00f3n Guaranda, a favor de 1070 usuarios, contemplado en la Resoluci\u00f3n N.\u00ba FI-GADCG-002-2022-001. El proceso de contrataci\u00f3n del servicio externalizado de alimentaci\u00f3n [&hellip;]<\/p>\n","protected":false},"author":7,"featured_media":5907,"comment_status":"closed","ping_status":"open","sticky":false,"template":"","format":"standard","meta":{"give_campaign_id":0,"_jetpack_memberships_contains_paid_content":false,"footnotes":""},"categories":[2],"tags":[],"class_list":["post-5906","post","type-post","status-publish","format-standard","has-post-thumbnail","hentry","category-noticias"],"jetpack_featured_media_url":"https:\/\/i0.wp.com\/www.guaranda.gob.ec\/newsiteCMT\/wp-content\/uploads\/2022\/06\/Comunicado-Odicial-20222.png?fit=1200%2C805&ssl=1","jetpack_shortlink":"https:\/\/wp.me\/p7CGGh-1xg","jetpack_sharing_enabled":true,"_links":{"self":[{"href":"https:\/\/www.guaranda.gob.ec\/newsiteCMT\/wp-json\/wp\/v2\/posts\/5906","targetHints":{"allow":["GET"]}}],"collection":[{"href":"https:\/\/www.guaranda.gob.ec\/newsiteCMT\/wp-json\/wp\/v2\/posts"}],"about":[{"href":"https:\/\/www.guaranda.gob.ec\/newsiteCMT\/wp-json\/wp\/v2\/types\/post"}],"author":[{"embeddable":true,"href":"https:\/\/www.guaranda.gob.ec\/newsiteCMT\/wp-json\/wp\/v2\/users\/7"}],"replies":[{"embeddable":true,"href":"https:\/\/www.guaranda.gob.ec\/newsiteCMT\/wp-json\/wp\/v2\/comments?post=5906"}],"version-history":[{"count":1,"href":"https:\/\/www.guaranda.gob.ec\/newsiteCMT\/wp-json\/wp\/v2\/posts\/5906\/revisions"}],"predecessor-version":[{"id":5908,"href":"https:\/\/www.guaranda.gob.ec\/newsiteCMT\/wp-json\/wp\/v2\/posts\/5906\/revisions\/5908"}],"wp:featuredmedia":[{"embeddable":true,"href":"https:\/\/www.guaranda.gob.ec\/newsiteCMT\/wp-json\/wp\/v2\/media\/5907"}],"wp:attachment":[{"href":"https:\/\/www.guaranda.gob.ec\/newsiteCMT\/wp-json\/wp\/v2\/media?parent=5906"}],"wp:term":[{"taxonomy":"category","embeddable":true,"href":"https:\/\/www.guaranda.gob.ec\/newsiteCMT\/wp-json\/wp\/v2\/categories?post=5906"},{"taxonomy":"post_tag","embeddable":true,"href":"https:\/\/www.guaranda.gob.ec\/newsiteCMT\/wp-json\/wp\/v2\/tags?post=5906"}],"curies":[{"name":"wp","href":"https:\/\/api.w.org\/{rel}","templated":true}]}}