{"id":5901,"date":"2022-06-15T20:59:19","date_gmt":"2022-06-16T01:59:19","guid":{"rendered":"http:\/\/www.guaranda.gob.ec\/newsiteCMT\/?p=5901"},"modified":"2022-06-15T20:59:19","modified_gmt":"2022-06-16T01:59:19","slug":"consensos-en-la-asamblea-permanente-de-la-fecab-brunari-y-alcaldia-de-guaranda","status":"publish","type":"post","link":"https:\/\/www.guaranda.gob.ec\/newsiteCMT\/consensos-en-la-asamblea-permanente-de-la-fecab-brunari-y-alcaldia-de-guaranda\/","title":{"rendered":"Consensos en la asamblea permanente de la &#8220;FECAB-BRUNARI&#8221; y Alcaldi\u0301a de Guaranda"},"content":{"rendered":"<p>En el marco de la Movilizaci\u00f3n Nacional y tras la asamblea permanente con la dirigencia de la Federaci\u00f3n de Organizaciones Campesinas de Bol\u00edvar &#8211; Bol\u00edvar Runakunapak Rikcharimuy &#8220;FECAB-BRUNARI&#8221;, donde particip\u00f3 el alcalde Medardo Chimbolema, en consenso se estableci\u00f3 acuerdos que garantizan mantener los servicios b\u00e1sicos en la zona urbana de Guaranda, entre ellos: habilitar el Mercado 10 de Noviembre, el d\u00eda jueves 16 de junio a partir de las 07h00 hasta las 14h00, de manera que la ciudadan\u00eda pueda abastecerse de alimentos y productos de primera necesidad.<\/p>\n<p>&nbsp;<\/p>\n<p>En el transcurso de los d\u00edas se dar\u00e1 nuevas indicaciones de esta actividad comercial y de abastecimiento, conforme avancen las jornadas de movilizaci\u00f3n. La Comisar\u00eda Municipal ser\u00e1 el organismo encargado de realizar los controles respectivos para evitar el sobreprecio y la especulaci\u00f3n.<\/p>\n<p>&nbsp;<\/p>\n<p>Adem\u00e1s, se informa a la ciudadan\u00eda que el servicio de agua potable permanecer\u00e1 operativo durante la etapa del Paro Nacional. Por otra parte, la Municipalidad solicita a los guarande\u00f1os, sacar los desechos de residuos s\u00f3lidos y org\u00e1nicos \u00fanicamente cuando el recolector pase por cada una de las viviendas, esto con el objetivo de mantener limpia la ciudad y evitar el rebosamiento de los contenedores.<\/p>\n<p>&nbsp;<\/p>\n<p>De su parte, la FECAB-BRUNARI estableci\u00f3 lineamientos para controlar y detectar a los infiltrados que participan en las marchas y causan da\u00f1os al bien p\u00fablico y privado, mismos que ser\u00e1n sometidos a la justicia ind\u00edgena.<\/p>\n","protected":false},"excerpt":{"rendered":"<p>En el marco de la Movilizaci\u00f3n Nacional y tras la asamblea permanente con la dirigencia de la Federaci\u00f3n de Organizaciones Campesinas de Bol\u00edvar &#8211; Bol\u00edvar Runakunapak Rikcharimuy &#8220;FECAB-BRUNARI&#8221;, donde particip\u00f3 el alcalde Medardo Chimbolema, en consenso se estableci\u00f3 acuerdos que garantizan mantener los servicios b\u00e1sicos en la zona urbana de Guaranda, entre ellos: habilitar el [&hellip;]<\/p>\n","protected":false},"author":7,"featured_media":5902,"comment_status":"closed","ping_status":"open","sticky":false,"template":"","format":"standard","meta":{"give_campaign_id":0,"_jetpack_memberships_contains_paid_content":false,"footnotes":""},"categories":[2],"tags":[],"class_list":["post-5901","post","type-post","status-publish","format-standard","has-post-thumbnail","hentry","category-noticias"],"jetpack_featured_media_url":"https:\/\/i0.wp.com\/www.guaranda.gob.ec\/newsiteCMT\/wp-content\/uploads\/2022\/06\/Captura-de-pantalla-2022-06-15-a-las-18.01.53.png?fit=1200%2C674&ssl=1","jetpack_shortlink":"https:\/\/wp.me\/p7CGGh-1xb","jetpack_sharing_enabled":true,"_links":{"self":[{"href":"https:\/\/www.guaranda.gob.ec\/newsiteCMT\/wp-json\/wp\/v2\/posts\/5901","targetHints":{"allow":["GET"]}}],"collection":[{"href":"https:\/\/www.guaranda.gob.ec\/newsiteCMT\/wp-json\/wp\/v2\/posts"}],"about":[{"href":"https:\/\/www.guaranda.gob.ec\/newsiteCMT\/wp-json\/wp\/v2\/types\/post"}],"author":[{"embeddable":true,"href":"https:\/\/www.guaranda.gob.ec\/newsiteCMT\/wp-json\/wp\/v2\/users\/7"}],"replies":[{"embeddable":true,"href":"https:\/\/www.guaranda.gob.ec\/newsiteCMT\/wp-json\/wp\/v2\/comments?post=5901"}],"version-history":[{"count":1,"href":"https:\/\/www.guaranda.gob.ec\/newsiteCMT\/wp-json\/wp\/v2\/posts\/5901\/revisions"}],"predecessor-version":[{"id":5903,"href":"https:\/\/www.guaranda.gob.ec\/newsiteCMT\/wp-json\/wp\/v2\/posts\/5901\/revisions\/5903"}],"wp:featuredmedia":[{"embeddable":true,"href":"https:\/\/www.guaranda.gob.ec\/newsiteCMT\/wp-json\/wp\/v2\/media\/5902"}],"wp:attachment":[{"href":"https:\/\/www.guaranda.gob.ec\/newsiteCMT\/wp-json\/wp\/v2\/media?parent=5901"}],"wp:term":[{"taxonomy":"category","embeddable":true,"href":"https:\/\/www.guaranda.gob.ec\/newsiteCMT\/wp-json\/wp\/v2\/categories?post=5901"},{"taxonomy":"post_tag","embeddable":true,"href":"https:\/\/www.guaranda.gob.ec\/newsiteCMT\/wp-json\/wp\/v2\/tags?post=5901"}],"curies":[{"name":"wp","href":"https:\/\/api.w.org\/{rel}","templated":true}]}}