{"id":5894,"date":"2022-06-09T22:04:51","date_gmt":"2022-06-10T03:04:51","guid":{"rendered":"http:\/\/www.guaranda.gob.ec\/newsiteCMT\/?p=5894"},"modified":"2022-06-09T22:18:30","modified_gmt":"2022-06-10T03:18:30","slug":"reunion-con-el-director-general-del-snai-para-tratar-temas-con-relacion-a-un-nuevo-centro-de-privacion-de-libertad-masculino-para-guaranda","status":"publish","type":"post","link":"https:\/\/www.guaranda.gob.ec\/newsiteCMT\/reunion-con-el-director-general-del-snai-para-tratar-temas-con-relacion-a-un-nuevo-centro-de-privacion-de-libertad-masculino-para-guaranda\/","title":{"rendered":"Reuni\u00f3n con el Director General del SNAI, para tratar temas con relaci\u00f3n a un nuevo Centro de Privaci\u00f3n de Libertad Masculino para Guaranda."},"content":{"rendered":"<p>El alcalde, Medardo Chimbolema, se reuni\u00f3 con el Director General del Servicio Nacional de Atenci\u00f3n Integral a Personas Adultas Privadas de la Libertad y a Adolescentes Infractores (SNAI), GraD. Pablo Ram\u00edrez, a quien le plante\u00f3 y ofreci\u00f3 todo el apoyo necesario para reubicar el Centro de Privaci\u00f3n de Libertad Masculino de Guaranda.<\/p>\n<p>Es por ello que se puso a disposici\u00f3n del SNAI, terrenos necesarios para la construcci\u00f3n del nuevo Centro de Privaci\u00f3n de Libertad; que debe estar fuera de la ciudad, con m\u00e1s seguridad y que presente mejores condiciones en el \u00c1rea de Rehabilitaci\u00f3n para consolidar una verdadera inserci\u00f3n social.<\/p>\n<p><img data-recalc-dims=\"1\" fetchpriority=\"high\" decoding=\"async\" class=\"aligncenter size-full wp-image-5897\" src=\"https:\/\/i0.wp.com\/www.guaranda.gob.ec\/newsiteCMT\/wp-content\/uploads\/2022\/06\/IMG_2879.jpg?resize=770%2C578&#038;ssl=1\" alt=\"Reuni\u00f3n con el Director General del SNAI, para tratar temas con relaci\u00f3n a un nuevo Centro de Privaci\u00f3n de Libertad Masculino para Guaranda.\" width=\"770\" height=\"578\" srcset=\"https:\/\/i0.wp.com\/www.guaranda.gob.ec\/newsiteCMT\/wp-content\/uploads\/2022\/06\/IMG_2879.jpg?w=1200&amp;ssl=1 1200w, https:\/\/i0.wp.com\/www.guaranda.gob.ec\/newsiteCMT\/wp-content\/uploads\/2022\/06\/IMG_2879.jpg?resize=300%2C225&amp;ssl=1 300w, https:\/\/i0.wp.com\/www.guaranda.gob.ec\/newsiteCMT\/wp-content\/uploads\/2022\/06\/IMG_2879.jpg?resize=1024%2C768&amp;ssl=1 1024w, https:\/\/i0.wp.com\/www.guaranda.gob.ec\/newsiteCMT\/wp-content\/uploads\/2022\/06\/IMG_2879.jpg?resize=600%2C450&amp;ssl=1 600w\" sizes=\"(max-width: 770px) 100vw, 770px\" \/><\/p>\n<p>De su parte, el GraD. Pablo Ram\u00edrez, ofreci\u00f3 enviar a los T\u00e9cnicos de Infraestructura del SNAI para que realicen la evaluaci\u00f3n de los predios que se pretende entregar en comodato, para posterior aquello, incluir en los Proyectos de Construcci\u00f3n de los Planes de Inversi\u00f3n, el nuevo Centro de Privaci\u00f3n de Libertad Masculino de Guaranda.<\/p>\n<p>Adem\u00e1s, en la reuni\u00f3n se firm\u00f3 un Convenio Macro que permite en el menor tiempo posible firmar convenios espec\u00edficos de cooperaci\u00f3n, tanto para la parte de mejorar la seguridad y el trabajo comunitario con los PPL\u2019s en funci\u00f3n del bienestar de la poblaci\u00f3n.<\/p>\n<p>Al final del encuentro se acord\u00f3 permanecer en constante comunicaci\u00f3n entre las dos instituciones, a fin de dar continuidad y seguimiento a las acciones encaminadas hacia un nuevo Centro de Privaci\u00f3n de Libertad.<\/p>\n<p>&nbsp;<\/p>\n<p><strong>Fuente:<\/strong> Direcci\u00f3n de Comunicaci\u00f3n.<\/p>\n","protected":false},"excerpt":{"rendered":"<p>El alcalde, Medardo Chimbolema, se reuni\u00f3 con el Director General del Servicio Nacional de Atenci\u00f3n Integral a Personas Adultas Privadas de la Libertad y a Adolescentes Infractores (SNAI), GraD. Pablo Ram\u00edrez, a quien le plante\u00f3 y ofreci\u00f3 todo el apoyo necesario para reubicar el Centro de Privaci\u00f3n de Libertad Masculino de Guaranda. Es por ello [&hellip;]<\/p>\n","protected":false},"author":7,"featured_media":5895,"comment_status":"closed","ping_status":"open","sticky":false,"template":"","format":"standard","meta":{"give_campaign_id":0,"_jetpack_memberships_contains_paid_content":false,"footnotes":""},"categories":[2],"tags":[],"class_list":["post-5894","post","type-post","status-publish","format-standard","has-post-thumbnail","hentry","category-noticias"],"jetpack_featured_media_url":"https:\/\/i0.wp.com\/www.guaranda.gob.ec\/newsiteCMT\/wp-content\/uploads\/2022\/06\/IMG_29252222.png?fit=1200%2C900&ssl=1","jetpack_shortlink":"https:\/\/wp.me\/p7CGGh-1x4","jetpack_sharing_enabled":true,"_links":{"self":[{"href":"https:\/\/www.guaranda.gob.ec\/newsiteCMT\/wp-json\/wp\/v2\/posts\/5894","targetHints":{"allow":["GET"]}}],"collection":[{"href":"https:\/\/www.guaranda.gob.ec\/newsiteCMT\/wp-json\/wp\/v2\/posts"}],"about":[{"href":"https:\/\/www.guaranda.gob.ec\/newsiteCMT\/wp-json\/wp\/v2\/types\/post"}],"author":[{"embeddable":true,"href":"https:\/\/www.guaranda.gob.ec\/newsiteCMT\/wp-json\/wp\/v2\/users\/7"}],"replies":[{"embeddable":true,"href":"https:\/\/www.guaranda.gob.ec\/newsiteCMT\/wp-json\/wp\/v2\/comments?post=5894"}],"version-history":[{"count":4,"href":"https:\/\/www.guaranda.gob.ec\/newsiteCMT\/wp-json\/wp\/v2\/posts\/5894\/revisions"}],"predecessor-version":[{"id":5900,"href":"https:\/\/www.guaranda.gob.ec\/newsiteCMT\/wp-json\/wp\/v2\/posts\/5894\/revisions\/5900"}],"wp:featuredmedia":[{"embeddable":true,"href":"https:\/\/www.guaranda.gob.ec\/newsiteCMT\/wp-json\/wp\/v2\/media\/5895"}],"wp:attachment":[{"href":"https:\/\/www.guaranda.gob.ec\/newsiteCMT\/wp-json\/wp\/v2\/media?parent=5894"}],"wp:term":[{"taxonomy":"category","embeddable":true,"href":"https:\/\/www.guaranda.gob.ec\/newsiteCMT\/wp-json\/wp\/v2\/categories?post=5894"},{"taxonomy":"post_tag","embeddable":true,"href":"https:\/\/www.guaranda.gob.ec\/newsiteCMT\/wp-json\/wp\/v2\/tags?post=5894"}],"curies":[{"name":"wp","href":"https:\/\/api.w.org\/{rel}","templated":true}]}}