{"id":5017,"date":"2021-04-09T17:46:58","date_gmt":"2021-04-09T22:46:58","guid":{"rendered":"http:\/\/www.guaranda.gob.ec\/newsiteCMT\/?p=5017"},"modified":"2021-04-09T17:46:58","modified_gmt":"2021-04-09T22:46:58","slug":"coe-guaranda-extiende-semaforo-rojo-en-el-canton","status":"publish","type":"post","link":"https:\/\/www.guaranda.gob.ec\/newsiteCMT\/coe-guaranda-extiende-semaforo-rojo-en-el-canton\/","title":{"rendered":"COE GUARANDA EXTIENDE SEM\u00c1FORO ROJO EN EL CANT\u00d3N"},"content":{"rendered":"<p style=\"text-align: justify;\">Tras el an\u00e1lisis de los informes presentados por las Mesas T\u00e9cnicas de Trabajo, los miembros del Comit\u00e9 de Operaciones de Emergencia de Guaranda resolvieron extender, durante una semana m\u00e1s, las medidas de Sem\u00e1foro Rojo en todo el territorio cantonal. Estas resoluciones entrar\u00e1n en vigencia del lunes, 12 al domingo 18 de abril de 2021.<\/p>\n<p style=\"text-align: justify;\">\u201cTras evaluar los \u00edndices de contagio de Covid-19 en el cant\u00f3n y los niveles de ocupaci\u00f3n de los Hospitales \u201cAlfredo Noboa Montenegro\u201d y Hospital B\u00e1sico \u201cIESS Guaranda\u201d vemos que la curva de contagio sigue en ascenso, as\u00ed como la saturaci\u00f3n de pacientes en hospitales. De esta manera cada d\u00eda registramos 3 pacientes Covid-19 graves que necesitan ingreso a cuidados intensivos y atenci\u00f3n con ox\u00edgeno medicado\u201d, inform\u00f3 Silvia Velasco, delegada de la Mesa T\u00e9cnica No. 2 \u201cSalud\u201d.<\/p>\n<p style=\"text-align: justify;\">En este marco, el Comit\u00e9 de Operaciones de Emergencia del cant\u00f3n Guaranda, en Sesi\u00f3n Ordinaria del 9 de abril resolvi\u00f3 mantener en vigencia\u00a0 la declaratoria de Sem\u00e1foro Rojo en todo el territorio cantonal desde el lunes 12 al domingo 18 de abril del 2021, para este fin continuar\u00e1 la restricci\u00f3n vehicular de 20H00 a 5H00, para todos los automotores particulares, excepto para transporte p\u00fablico, institucional y Medios de Comunicaci\u00f3n.<\/p>\n<p style=\"text-align: justify;\">Adem\u00e1s, permanecer\u00e1 vigente el\u00a0 <strong>Pico y Placa<\/strong> en todo el territorio cantonal.\u00a0 As\u00ed,\u00a0 los veh\u00edculos con placa finalizada en d\u00edgito <strong>IMPAR<\/strong> podr\u00e1n circular los d\u00edas lunes, mi\u00e9rcoles, viernes; mientras que los veh\u00edculos con placa finalizada en d\u00edgito <strong>PAR<\/strong> circular\u00e1n los d\u00edas martes, jueves y s\u00e1bado; el d\u00eda domingo 18 de abril circulan todas las placas.<\/p>\n<p style=\"text-align: justify;\">Mientras que la restricci\u00f3n de horario de funcionamiento para establecimientos comerciales se mantiene en horario de 7h00 a 17h00, priorizando las ventas a domicilio en horario m\u00e1ximo de 22H00. Se except\u00faan de esta resoluci\u00f3n a los consultorios m\u00e9dicos y farmacias.<\/p>\n<p style=\"text-align: justify;\">\u201cBuscamos medidas que nos permitan reducir la curva de contagios por Covid-19 y esto \u00fanicamente se puede lograr con restricciones que impliquen disciplina social, que impidan la aglomeraci\u00f3n de personas y nuevos contagios. Actualmente existen variantes del Covid-19 de mayor virulencia y agresividad, por eso no podemos permitir que hayan m\u00e1s muertes y para ello necesitamos del apoyo de todas y todos\u201d, mencion\u00f3 Medardo Chimbolema, presidente del COE Cantonal y alcalde de Guaranda.<\/p>\n<p style=\"text-align: justify;\">Adem\u00e1s, los miembros del organismo cantonal, resolvieron por unanimidad, exigir\u00a0 a todas las Unidades de Transporte P\u00fablico\/Comercial, urbano y rural, cumplir con un aforo m\u00e1ximo del 50% de pasajeros y garantizar el\u00a0 cumplimiento de los protocolos de bioseguridad.<\/p>\n<p style=\"text-align: justify;\">As\u00ed mismo, se mantendr\u00e1n en vigencia la prohibici\u00f3n de funcionamiento de bares, discotecas, centros de tolerancia, karaokes, centros de diversi\u00f3n nocturna, gimnasios, complejos deportivos y tur\u00edsticos; as\u00ed como los permisos de uso de suelo e intendencia para el desarrollo de actividades de aglomeraci\u00f3n de personas como: bailes populares, shows art\u00edsticos, eventos religiosos, misas, cultos, traslados, velorios y\u00a0 corridas de toros. Esta prohibici\u00f3n se aplicar\u00e1 en la parte urbana y rural del cant\u00f3n.<\/p>\n<p style=\"text-align: justify;\">La Ley Seca continuar\u00e1 las 24 horas del d\u00eda en todo el cant\u00f3n, esto quiere decir que queda prohibida la venta y consumo de bebidas alcoh\u00f3licas.<\/p>\n<p style=\"text-align: justify;\">Otra de las resoluciones que continuar\u00e1n vigentes durante la semana del 12 de abril, es el TELETRABAJO en todas las instituciones p\u00fablicas y privadas, en donde se exceptuar\u00e1n de esta medida a las \u00e1reas de car\u00e1cter prioritario de cada entidad como: personal m\u00e9dico, limpieza, Bomberos, Polic\u00eda Nacional, Fuerzas Armadas, quienes se mantendr\u00e1n con asistencia presencial.<\/p>\n<p style=\"text-align: justify;\">Adem\u00e1s, el COE Guaranda prohibi\u00f3 a los partidos pol\u00edticos el desarrollo de eventos post electorales que aglomeren personas.<\/p>\n<p style=\"text-align: justify;\">Finalmente, el organismo cantonal exhort\u00f3 a la Agencia de Aseguramiento de la Calidad de los Servicios\u00a0 de la Salud y Medicina Prepagada (ACESS Bol\u00edvar) se otorgue el permiso de funcionamiento provisional de la Ambulancia Toyota Hiace 2008, a cargo de la Cruz Roja Ecuatoriana-n\u00facleo de Bol\u00edvar; a fin de reforzar el trabajo de respuesta y Atenci\u00f3n Pre Hospitalaria en el cant\u00f3n.<\/p>\n<p style=\"text-align: justify;\">Fuente: Direcci\u00f3n de Comunicaci\u00f3n.<\/p>\n","protected":false},"excerpt":{"rendered":"<p>Tras el an\u00e1lisis de los informes presentados por las Mesas T\u00e9cnicas de Trabajo, los miembros del Comit\u00e9 de Operaciones de Emergencia de Guaranda resolvieron extender, durante una semana m\u00e1s, las medidas de Sem\u00e1foro Rojo en todo el territorio cantonal. Estas resoluciones entrar\u00e1n en vigencia del lunes, 12 al domingo 18 de abril de 2021. \u201cTras [&hellip;]<\/p>\n","protected":false},"author":3,"featured_media":5018,"comment_status":"closed","ping_status":"open","sticky":false,"template":"","format":"standard","meta":{"give_campaign_id":0,"_jetpack_memberships_contains_paid_content":false,"footnotes":""},"categories":[2],"tags":[],"class_list":["post-5017","post","type-post","status-publish","format-standard","has-post-thumbnail","hentry","category-noticias"],"jetpack_featured_media_url":"https:\/\/i0.wp.com\/www.guaranda.gob.ec\/newsiteCMT\/wp-content\/uploads\/2021\/04\/coerojosemana2.jpeg?fit=820%2C450&ssl=1","jetpack_shortlink":"https:\/\/wp.me\/p7CGGh-1iV","jetpack_sharing_enabled":true,"_links":{"self":[{"href":"https:\/\/www.guaranda.gob.ec\/newsiteCMT\/wp-json\/wp\/v2\/posts\/5017","targetHints":{"allow":["GET"]}}],"collection":[{"href":"https:\/\/www.guaranda.gob.ec\/newsiteCMT\/wp-json\/wp\/v2\/posts"}],"about":[{"href":"https:\/\/www.guaranda.gob.ec\/newsiteCMT\/wp-json\/wp\/v2\/types\/post"}],"author":[{"embeddable":true,"href":"https:\/\/www.guaranda.gob.ec\/newsiteCMT\/wp-json\/wp\/v2\/users\/3"}],"replies":[{"embeddable":true,"href":"https:\/\/www.guaranda.gob.ec\/newsiteCMT\/wp-json\/wp\/v2\/comments?post=5017"}],"version-history":[{"count":1,"href":"https:\/\/www.guaranda.gob.ec\/newsiteCMT\/wp-json\/wp\/v2\/posts\/5017\/revisions"}],"predecessor-version":[{"id":5019,"href":"https:\/\/www.guaranda.gob.ec\/newsiteCMT\/wp-json\/wp\/v2\/posts\/5017\/revisions\/5019"}],"wp:featuredmedia":[{"embeddable":true,"href":"https:\/\/www.guaranda.gob.ec\/newsiteCMT\/wp-json\/wp\/v2\/media\/5018"}],"wp:attachment":[{"href":"https:\/\/www.guaranda.gob.ec\/newsiteCMT\/wp-json\/wp\/v2\/media?parent=5017"}],"wp:term":[{"taxonomy":"category","embeddable":true,"href":"https:\/\/www.guaranda.gob.ec\/newsiteCMT\/wp-json\/wp\/v2\/categories?post=5017"},{"taxonomy":"post_tag","embeddable":true,"href":"https:\/\/www.guaranda.gob.ec\/newsiteCMT\/wp-json\/wp\/v2\/tags?post=5017"}],"curies":[{"name":"wp","href":"https:\/\/api.w.org\/{rel}","templated":true}]}}