{"id":4896,"date":"2021-01-14T20:46:23","date_gmt":"2021-01-15T01:46:23","guid":{"rendered":"http:\/\/www.guaranda.gob.ec\/newsiteCMT\/?p=4896"},"modified":"2021-01-14T20:46:23","modified_gmt":"2021-01-15T01:46:23","slug":"comite-permanente-del-carnaval-aprueba-agenda-cultural-carnaval-2021","status":"publish","type":"post","link":"https:\/\/www.guaranda.gob.ec\/newsiteCMT\/comite-permanente-del-carnaval-aprueba-agenda-cultural-carnaval-2021\/","title":{"rendered":"COMIT\u00c9 PERMANENTE DEL CARNAVAL APRUEBA AGENDA CULTURAL \u201cCARNAVAL 2021\u201d"},"content":{"rendered":"<p>Este mi\u00e9rcoles, 14 de enero de 2021, el Comit\u00e9 Permanente del Carnaval resolvi\u00f3, por unanimidad, aprobar la agenda cultural \u201cCarnaval: expresi\u00f3n de culturas, tradici\u00f3n y prevenci\u00f3n\u201d, en el que constan un repertorio de actividades, en su mayor\u00eda telem\u00e1ticas, enfocadas en el rescate de la identidad y tradiciones del Carnaval de Guaranda.<\/p>\n<p>\u201cEste es el momento para regresar al Carnaval tradicional, a nuestra identidad guarande\u00f1a, a nuestras ra\u00edces, a nuestras casas, por eso, 12 (asistentes) de los 14 miembros que forman parte del Comit\u00e9 Permanente del Carnaval le apostaron a una agenda cultural que preserve la vida, que impida el desarrollo de eventos de aglomeraci\u00f3n masiva y que convoque a un festejo en familia, porque al carnaval lo llevamos en el alma\u201d, inform\u00f3 Medardo Chimbolema, alcalde de Guaranda.<\/p>\n<p>Durante la Sesi\u00f3n Ordinaria del 14 de enero, los miembros del Comit\u00e9 aprobaron el desarrollo de eventos culturales como:<\/p>\n<p>-Ruta de la identidad carnavalera, en donde la Plaza Roja, Plaza 15 de mayo, Teatro Nilo, Parque Central y Centro Cultural \u201cJosefina Barba\u201d se convertir\u00e1n en los escenarios de expresiones de arte y cultura guarande\u00f1a, durante el feriado de carnaval.<\/p>\n<p>&#8211; Concurso de coplas, tanto para el Carnaval de Guaranda como para el Pawkar Raymi, en donde las 12 organizaciones de segundo grado que conforman la Federaci\u00f3n de Organizaciones Ind\u00edgenas y Campesinas de Bol\u00edvar participar\u00e1n con coplas in\u00e9ditas.<\/p>\n<p>&#8211; \u201cLos barrios cantan sus carnavales\u201d, en donde la Municipalidad articula el desarrollo de serenatas en 39 barrios de las parroquias: \u00c1ngel Polibio Ch\u00e1vez, Gabriel Ignacio Veintimilla y Guanujo.<\/p>\n<p>&#8211; Serenata musical carnavalera, misma que se desarrollar\u00e1 en coordinaci\u00f3n con las distintas instituciones p\u00fablicas y privadas, as\u00ed como barrios, parroquias, comunidades y organizaciones.<\/p>\n<p>&#8211; Concurso de m\u00fasica in\u00e9dita del carnaval de Guaranda, adem\u00e1s del desarrollo de exposiciones pict\u00f3ricas, escult\u00f3ricas, \u00a0presentaciones de danza, \u00a0teatro y m\u00fasica.<\/p>\n<p>Adem\u00e1s, el Comit\u00e9 Permanente del Carnaval de Guaranda resolvi\u00f3 que, durante el 2021 no se realizar\u00e1n los eventos: Elecci\u00f3n de la Reina de Guaranda y sus Carnavales; Elecci\u00f3n de la \u00d1usta del Pawkar Raymi y Elecci\u00f3n del Taita Carnaval.<\/p>\n<p>El Carnaval de Guaranda 2021 \u201cCarnaval: expresi\u00f3n de culturas, tradici\u00f3n y prevenci\u00f3n\u201d, se desarrollar\u00e1 con un presupuesto de 71.000 para el Carnaval de Guaranda 2021 y Pawkar Raimy 2021.<\/p>\n<p>El Comit\u00e9 Permanente del Carnaval est\u00e1 conformado por 14 miembros de las instituciones p\u00fablicas que tienen injerencia directa en el control y coordinaci\u00f3n de los eventos correspondientes a la fiesta mayor, estos son: Gobernaci\u00f3n de Bol\u00edvar, Polic\u00eda Nacional-Sub Zona Bol\u00edvar, Distrito de Educaci\u00f3n, Casa de la Cultura Ecuatoriana-n\u00facleo de Bol\u00edvar, Universidad Estatal de Bol\u00edvar, \u00a0representante de las Juntas Parroquiales de Guaranda, Reina de Guaranda 2020, \u00d1usta del Pawkar Raymi 2020, Taita Carnaval 2020, Tayta Carnaval de la Interculturalidad, Fecabrunari, el Presidente de la Comisi\u00f3n Especial de Patrimonio y Desarrollo Tur\u00edstico, Presidente de la Comisi\u00f3n de Cultura del Concejo Municipal del GAD. Guaranda, el director de Desarrollo Comunitario y Gesti\u00f3n Social.<\/p>\n<p>Fuente: Direcci\u00f3n de Comunicaci\u00f3n<\/p>\n","protected":false},"excerpt":{"rendered":"<p>Este mi\u00e9rcoles, 14 de enero de 2021, el Comit\u00e9 Permanente del Carnaval resolvi\u00f3, por unanimidad, aprobar la agenda cultural \u201cCarnaval: expresi\u00f3n de culturas, tradici\u00f3n y prevenci\u00f3n\u201d, en el que constan un repertorio de actividades, en su mayor\u00eda telem\u00e1ticas, enfocadas en el rescate de la identidad y tradiciones del Carnaval de Guaranda. \u201cEste es el momento [&hellip;]<\/p>\n","protected":false},"author":3,"featured_media":4897,"comment_status":"closed","ping_status":"open","sticky":false,"template":"","format":"standard","meta":{"give_campaign_id":0,"_jetpack_memberships_contains_paid_content":false,"footnotes":""},"categories":[2],"tags":[],"class_list":["post-4896","post","type-post","status-publish","format-standard","has-post-thumbnail","hentry","category-noticias"],"jetpack_featured_media_url":"https:\/\/i0.wp.com\/www.guaranda.gob.ec\/newsiteCMT\/wp-content\/uploads\/2021\/01\/bolcomitcarn140121.jpg?fit=770%2C450&ssl=1","jetpack_shortlink":"https:\/\/wp.me\/p7CGGh-1gY","jetpack_sharing_enabled":true,"_links":{"self":[{"href":"https:\/\/www.guaranda.gob.ec\/newsiteCMT\/wp-json\/wp\/v2\/posts\/4896","targetHints":{"allow":["GET"]}}],"collection":[{"href":"https:\/\/www.guaranda.gob.ec\/newsiteCMT\/wp-json\/wp\/v2\/posts"}],"about":[{"href":"https:\/\/www.guaranda.gob.ec\/newsiteCMT\/wp-json\/wp\/v2\/types\/post"}],"author":[{"embeddable":true,"href":"https:\/\/www.guaranda.gob.ec\/newsiteCMT\/wp-json\/wp\/v2\/users\/3"}],"replies":[{"embeddable":true,"href":"https:\/\/www.guaranda.gob.ec\/newsiteCMT\/wp-json\/wp\/v2\/comments?post=4896"}],"version-history":[{"count":1,"href":"https:\/\/www.guaranda.gob.ec\/newsiteCMT\/wp-json\/wp\/v2\/posts\/4896\/revisions"}],"predecessor-version":[{"id":4898,"href":"https:\/\/www.guaranda.gob.ec\/newsiteCMT\/wp-json\/wp\/v2\/posts\/4896\/revisions\/4898"}],"wp:featuredmedia":[{"embeddable":true,"href":"https:\/\/www.guaranda.gob.ec\/newsiteCMT\/wp-json\/wp\/v2\/media\/4897"}],"wp:attachment":[{"href":"https:\/\/www.guaranda.gob.ec\/newsiteCMT\/wp-json\/wp\/v2\/media?parent=4896"}],"wp:term":[{"taxonomy":"category","embeddable":true,"href":"https:\/\/www.guaranda.gob.ec\/newsiteCMT\/wp-json\/wp\/v2\/categories?post=4896"},{"taxonomy":"post_tag","embeddable":true,"href":"https:\/\/www.guaranda.gob.ec\/newsiteCMT\/wp-json\/wp\/v2\/tags?post=4896"}],"curies":[{"name":"wp","href":"https:\/\/api.w.org\/{rel}","templated":true}]}}